{"id":593,"date":"2025-06-11T08:21:04","date_gmt":"2025-06-10T23:21:04","guid":{"rendered":"https:\/\/ee.mlfmonde.org\/tepef\/?p=593"},"modified":"2025-06-18T10:21:35","modified_gmt":"2025-06-18T01:21:35","slug":"la-journee-de-leurope-a-tepef","status":"publish","type":"post","link":"https:\/\/ee.mlfmonde.org\/tepef\/la-journee-de-leurope-a-tepef\/","title":{"rendered":"La journ\u00e9e de l&rsquo;Europe \u00e0 TEPEF"},"content":{"rendered":"\n<p>Dans le cadre du 75\u00e8me  anniversaire de la naissance de l&rsquo;Europe inti\u00e9e par Robert Shuman, notre \u00e9cole a voulu \u00e0 sa mani\u00e8re comm\u00e9morer cet anniversaire.<\/p>\n\n\n\n<p>Parmi nos parents d&rsquo;\u00e9l\u00e8ves, nous avons la chance d&rsquo;avoir une maman qui travaille \u00e0 Port Moresby pour la d\u00e9l\u00e9gation de l&rsquo;Union Europ\u00e9enne. Nous lui avons alors demand\u00e9 si elle  pouvait venir en classe pour faire une intervention sur l&rsquo;Europe aupr\u00e8s des enfants.<\/p>\n\n\n\n<p>Celle-ci a accept\u00e9 volontiers et est venue \u00e0 deux reprises \u00e0 l&rsquo;\u00e9cole. En amont de son intervention, nos \u00e9l\u00e8ves avaient pr\u00e9par\u00e9 des questions pour l&rsquo;intervenante.<\/p>\n\n\n\n<p>En voici quelques-unes :<\/p>\n\n\n\n<p>Quelle diff\u00e9rence y-a-t-il entre l&rsquo;Europe et l&rsquo;Union Europ\u00e9enne ?<\/p>\n\n\n\n<p>Est-ce que l&rsquo;Europe a sa mascotte ?<\/p>\n\n\n\n<p>Pourquoi le drapeau europ\u00e9en a-t-il douze \u00e9toiles ?<\/p>\n\n\n\n<p>Pourquoi les \u00e9toiles du drapeau europ\u00e9en sont-elles jaunes sur  fond bleu ?<\/p>\n\n\n\n<p>Pourquoi la Suisse ne fait-elle pas partie de l&rsquo;Union Europ\u00e9enne ?<\/p>\n\n\n\n<p>Pourquoi le Royaume-Uni a-t-il quitt\u00e9 l&rsquo;Union Europ\u00e9enne ?<\/p>\n\n\n\n<p>La cr\u00e9ation d&rsquo;une arm\u00e9e europ\u00e9enne est-elle pr\u00e9vue \u00e0 ce jour ?<\/p>\n\n\n\n<p>Pourquoi une piste d&rsquo;atterrissage dans les Hihglands (r\u00e9gion de Papouasie) a-t-elle \u00e9t\u00e9 financ\u00e9e par L&rsquo;UE ?<\/p>\n\n\n\n<p>Apr\u00e8s une pr\u00e9sentation de l&rsquo;Europe et de ses symboles, l&rsquo;intervenante a r\u00e9pondu avec beaucoup de p\u00e9dagogie aux questions des \u00e9l\u00e8ves. Nous avons pu aussi regarder une vid\u00e9o sur les actions men\u00e9es  par l&rsquo;Union europeenne en PNG.<\/p>\n\n\n\n<p>Enfin, le travail en classe s&rsquo;est termin\u00e9 par l&rsquo;exploitation d&rsquo;un kit p\u00e9dagogique sur l&rsquo;Europe. Les \u00e9l\u00e8ves de l&rsquo;\u00e9cole et les enseignants sont repartis avec des petits cadeaux estampill\u00e9s aux couleurs de l&rsquo;Europe.<\/p>\n\n\n\n<p>Merci St\u00e9phanie !<\/p>\n\n\n\n<p>NB : En vid\u00e9o, l&rsquo;Hymne \u00e0 la joie (Hymne officielle de l&rsquo;Union Europ\u00e9enne) chant\u00e9e par de jeunes \u00e9tudiants papouasiens lors de la journ\u00e9e de l&rsquo;Europe, le 9 mai dernier, \u00e0 l&rsquo;APEC ainsi que l&rsquo;extrait d&rsquo;un film sur les actions de l&rsquo;Union Europ\u00e9enne en Papouasie Nouvelle Guin\u00e9e (PNG).<\/p>\n\n\n\n<figure class=\"wp-block-gallery has-nested-images columns-default is-cropped wp-block-gallery-1 is-layout-flex wp-block-gallery-is-layout-flex\">\n<figure class=\"wp-block-image size-large\"><img fetchpriority=\"high\" decoding=\"async\" width=\"1000\" height=\"750\" data-id=\"599\" src=\"https:\/\/ee.mlfmonde.org\/tepef\/wp-content\/uploads\/sites\/27\/2025\/06\/IMG_0538-1000x750.jpeg\" alt=\"\" class=\"wp-image-599\" srcset=\"https:\/\/ee.mlfmonde.org\/tepef\/wp-content\/uploads\/sites\/27\/2025\/06\/IMG_0538-1000x750.jpeg 1000w, https:\/\/ee.mlfmonde.org\/tepef\/wp-content\/uploads\/sites\/27\/2025\/06\/IMG_0538-400x300.jpeg 400w, https:\/\/ee.mlfmonde.org\/tepef\/wp-content\/uploads\/sites\/27\/2025\/06\/IMG_0538-768x576.jpeg 768w, https:\/\/ee.mlfmonde.org\/tepef\/wp-content\/uploads\/sites\/27\/2025\/06\/IMG_0538-1536x1152.jpeg 1536w, https:\/\/ee.mlfmonde.org\/tepef\/wp-content\/uploads\/sites\/27\/2025\/06\/IMG_0538-2048x1536.jpeg 2048w, https:\/\/ee.mlfmonde.org\/tepef\/wp-content\/uploads\/sites\/27\/2025\/06\/IMG_0538-570x428.jpeg 570w\" sizes=\"(max-width: 1000px) 100vw, 1000px\" \/><\/figure>\n<\/figure>\n\n\n\n<figure class=\"wp-block-video\"><video controls src=\"https:\/\/ee.mlfmonde.org\/tepef\/wp-content\/uploads\/sites\/27\/2025\/06\/IMG_0541.mov\"><\/video><\/figure>\n\n\n\n<figure class=\"wp-block-video\"><video controls src=\"https:\/\/ee.mlfmonde.org\/tepef\/wp-content\/uploads\/sites\/27\/2025\/06\/D9862EEF-801B-48BF-B525-A0AB840714F1.mov\"><\/video><\/figure>\n\n\n\n<figure class=\"wp-block-video\"><video controls src=\"https:\/\/ee.mlfmonde.org\/tepef\/wp-content\/uploads\/sites\/27\/2025\/06\/VIDEO-2025-05-09-18-01-52.mp4\"><\/video><\/figure>\n","protected":false},"excerpt":{"rendered":"<p>Dans le cadre du 75\u00e8me anniversaire de la naissance de l&rsquo;Europe inti\u00e9e par Robert Shuman, notre \u00e9cole a voulu \u00e0 sa mani\u00e8re comm\u00e9morer cet anniversaire. Parmi nos parents d&rsquo;\u00e9l\u00e8ves, nous avons la chance d&rsquo;avoir une maman qui travaille \u00e0 Port Moresby pour la d\u00e9l\u00e9gation de l&rsquo;Union Europ\u00e9enne. Nous lui avons alors demand\u00e9 si elle pouvait [&hellip;]<\/p>\n","protected":false},"author":167,"featured_media":0,"comment_status":"closed","ping_status":"open","sticky":false,"template":"","format":"standard","meta":{"_acf_changed":false,"footnotes":""},"categories":[1],"tags":[],"class_list":{"0":"post-593","1":"post","2":"type-post","3":"status-publish","4":"format-standard","6":"category-uncategorized","7":"czr-hentry"},"acf":[],"_links":{"self":[{"href":"https:\/\/ee.mlfmonde.org\/tepef\/wp-json\/wp\/v2\/posts\/593","targetHints":{"allow":["GET"]}}],"collection":[{"href":"https:\/\/ee.mlfmonde.org\/tepef\/wp-json\/wp\/v2\/posts"}],"about":[{"href":"https:\/\/ee.mlfmonde.org\/tepef\/wp-json\/wp\/v2\/types\/post"}],"author":[{"embeddable":true,"href":"https:\/\/ee.mlfmonde.org\/tepef\/wp-json\/wp\/v2\/users\/167"}],"replies":[{"embeddable":true,"href":"https:\/\/ee.mlfmonde.org\/tepef\/wp-json\/wp\/v2\/comments?post=593"}],"version-history":[{"count":3,"href":"https:\/\/ee.mlfmonde.org\/tepef\/wp-json\/wp\/v2\/posts\/593\/revisions"}],"predecessor-version":[{"id":623,"href":"https:\/\/ee.mlfmonde.org\/tepef\/wp-json\/wp\/v2\/posts\/593\/revisions\/623"}],"wp:attachment":[{"href":"https:\/\/ee.mlfmonde.org\/tepef\/wp-json\/wp\/v2\/media?parent=593"}],"wp:term":[{"taxonomy":"category","embeddable":true,"href":"https:\/\/ee.mlfmonde.org\/tepef\/wp-json\/wp\/v2\/categories?post=593"},{"taxonomy":"post_tag","embeddable":true,"href":"https:\/\/ee.mlfmonde.org\/tepef\/wp-json\/wp\/v2\/tags?post=593"}],"curies":[{"name":"wp","href":"https:\/\/api.w.org\/{rel}","templated":true}]}}