{"id":246,"date":"2025-02-14T22:47:52","date_gmt":"2025-02-14T13:47:52","guid":{"rendered":"https:\/\/ee.mlfmonde.org\/tepef\/?p=246"},"modified":"2025-02-27T13:11:59","modified_gmt":"2025-02-27T04:11:59","slug":"presentation-de-la-ceremonie-douverture-des-jeux-olympiques-de-paris-2024-lors-de-lassembly-de-lecole","status":"publish","type":"post","link":"https:\/\/ee.mlfmonde.org\/tepef\/presentation-de-la-ceremonie-douverture-des-jeux-olympiques-de-paris-2024-lors-de-lassembly-de-lecole\/","title":{"rendered":"Pr\u00e9sentation de la c\u00e9r\u00e9monie d&rsquo;ouverture des jeux olympiques de PARIS 2024 lors de l&rsquo;Assembly de l&rsquo;\u00e9cole."},"content":{"rendered":"\n<p>Le 26 juillet dernier, \u00e0 l\u2019occasion de la c\u00e9r\u00e9monie d\u2019ouverture des Jeux Olympiques de Paris 2024, notre \u00e9cole  a organis\u00e9 une pr\u00e9sentation sp\u00e9ciale lors de \u00ab&nbsp;l\u2019Assembly&nbsp;\u00bb, une r\u00e9union hebdomadaire de l\u2019\u00e9cole internationale TEMIS (l\u2019\u00e9cole o\u00f9 l\u2019\u00e9tablissement est int\u00e9gr\u00e9). C\u2019est un \u00e9v\u00e9nement, qui rassemble chaque semaine plus de 500 \u00e9l\u00e8ves et enseignants confondus,  un moment cl\u00e9 de la semaine o\u00f9 les \u00e9l\u00e8ves sont r\u00e9compens\u00e9s et peuvent pr\u00e9senter des sc\u00e9nettes th\u00e9matiques.<\/p>\n\n\n\n<p>Pour cette occasion, les \u00e9l\u00e8ves de l\u2019\u00e9cole ont mis en lumi\u00e8re l\u2019\u00e9v\u00e9nement sportif mondial en recr\u00e9ant l\u2019atmosph\u00e8re de la c\u00e9r\u00e9monie d\u2019ouverture. Sur la sc\u00e8ne,  les drapeaux fran\u00e7ais, europ\u00e9ens, olympiques, ainsi que celui de la Papouasie-Nouvelle-Guin\u00e9e ont \u00e9t\u00e9 mis \u00e0 l&rsquo;honneur.<\/p>\n\n\n\n<p>La pr\u00e9sentation a d\u00e9but\u00e9 par un discours de Monsieur Guillaume Le Moine, Ambassadeur de France en Papouasie-Nouvelle-Guin\u00e9e.<\/p>\n\n\n\n<p>Les spectateurs ont ensuite eu le plaisir de d\u00e9couvrir une vid\u00e9o de la parade de la Seine pr\u00e9sent\u00e9e par Aloys, \u00e9l\u00e8ve de CM2, qui s\u2019est brillamment illustr\u00e9 en tant que traducteur officiel pour l\u2019\u00e9v\u00e9nement. Le moment fort de l\u2019assembl\u00e9e fut sans aucun doute l\u2019interpr\u00e9tation de la Marseillaise par une dizaine d\u2019\u00e9l\u00e8ves fran\u00e7ais, accompagn\u00e9s de leurs enseignants Fabienne et S\u00e9bastien, ainsi que de l\u2019Ambassadeur de France.<\/p>\n\n\n\n<figure class=\"wp-block-gallery has-nested-images columns-default is-cropped wp-block-gallery-1 is-layout-flex wp-block-gallery-is-layout-flex\">\n<figure class=\"wp-block-image size-large\"><img fetchpriority=\"high\" decoding=\"async\" width=\"1024\" height=\"769\" data-id=\"251\" src=\"https:\/\/ee.mlfmonde.org\/tepef\/wp-content\/uploads\/sites\/27\/2025\/02\/IMG-20240730-WA0010-1024x769.jpg\" alt=\"\" class=\"wp-image-251\" srcset=\"https:\/\/ee.mlfmonde.org\/tepef\/wp-content\/uploads\/sites\/27\/2025\/02\/IMG-20240730-WA0010-1024x769.jpg 1024w, https:\/\/ee.mlfmonde.org\/tepef\/wp-content\/uploads\/sites\/27\/2025\/02\/IMG-20240730-WA0010-300x225.jpg 300w, https:\/\/ee.mlfmonde.org\/tepef\/wp-content\/uploads\/sites\/27\/2025\/02\/IMG-20240730-WA0010-768x576.jpg 768w, https:\/\/ee.mlfmonde.org\/tepef\/wp-content\/uploads\/sites\/27\/2025\/02\/IMG-20240730-WA0010-1536x1153.jpg 1536w, https:\/\/ee.mlfmonde.org\/tepef\/wp-content\/uploads\/sites\/27\/2025\/02\/IMG-20240730-WA0010-570x428.jpg 570w, https:\/\/ee.mlfmonde.org\/tepef\/wp-content\/uploads\/sites\/27\/2025\/02\/IMG-20240730-WA0010.jpg 1600w\" sizes=\"(max-width: 1024px) 100vw, 1024px\" \/><\/figure>\n\n\n\n<figure class=\"wp-block-image size-large\"><img decoding=\"async\" width=\"768\" height=\"1024\" data-id=\"250\" src=\"https:\/\/ee.mlfmonde.org\/tepef\/wp-content\/uploads\/sites\/27\/2025\/02\/0be036aa-5668-49b1-abca-64fd415ebc7a-768x1024.jpeg\" alt=\"\" class=\"wp-image-250\" srcset=\"https:\/\/ee.mlfmonde.org\/tepef\/wp-content\/uploads\/sites\/27\/2025\/02\/0be036aa-5668-49b1-abca-64fd415ebc7a-768x1024.jpeg 768w, https:\/\/ee.mlfmonde.org\/tepef\/wp-content\/uploads\/sites\/27\/2025\/02\/0be036aa-5668-49b1-abca-64fd415ebc7a-225x300.jpeg 225w, https:\/\/ee.mlfmonde.org\/tepef\/wp-content\/uploads\/sites\/27\/2025\/02\/0be036aa-5668-49b1-abca-64fd415ebc7a-1152x1536.jpeg 1152w, https:\/\/ee.mlfmonde.org\/tepef\/wp-content\/uploads\/sites\/27\/2025\/02\/0be036aa-5668-49b1-abca-64fd415ebc7a-570x760.jpeg 570w, https:\/\/ee.mlfmonde.org\/tepef\/wp-content\/uploads\/sites\/27\/2025\/02\/0be036aa-5668-49b1-abca-64fd415ebc7a.jpeg 1200w\" sizes=\"(max-width: 768px) 100vw, 768px\" \/><\/figure>\n<\/figure>\n\n\n\n<p>L\u2019apr\u00e8s-midi s\u2019est conclu par une visite des locaux de l\u2019\u00e9cole par l\u2019Ambassadeur de France, un moment privil\u00e9gi\u00e9 pour d\u00e9couvrir la seule \u00e9cole fran\u00e7aise et europ\u00e9enne en Papouasie-Nouvelle-Guin\u00e9e. Un grand bravo aux \u00e9l\u00e8ves de TEPEF pour leur implication et leur r\u00e9ussite lors de cette pr\u00e9sentation inoubliable.<\/p>\n\n\n<div class=\"wp-block-image\">\n<figure class=\"aligncenter size-large is-resized\"><img decoding=\"async\" width=\"1024\" height=\"768\" src=\"https:\/\/ee.mlfmonde.org\/tepef\/wp-content\/uploads\/sites\/27\/2025\/02\/JO-Amb_blur_blur-1024x768.jpg\" alt=\"\" class=\"wp-image-347\" style=\"width:477px;height:auto\" srcset=\"https:\/\/ee.mlfmonde.org\/tepef\/wp-content\/uploads\/sites\/27\/2025\/02\/JO-Amb_blur_blur-1024x768.jpg 1024w, https:\/\/ee.mlfmonde.org\/tepef\/wp-content\/uploads\/sites\/27\/2025\/02\/JO-Amb_blur_blur-300x225.jpg 300w, https:\/\/ee.mlfmonde.org\/tepef\/wp-content\/uploads\/sites\/27\/2025\/02\/JO-Amb_blur_blur-768x576.jpg 768w, https:\/\/ee.mlfmonde.org\/tepef\/wp-content\/uploads\/sites\/27\/2025\/02\/JO-Amb_blur_blur-570x428.jpg 570w, https:\/\/ee.mlfmonde.org\/tepef\/wp-content\/uploads\/sites\/27\/2025\/02\/JO-Amb_blur_blur.jpg 1066w\" sizes=\"(max-width: 1024px) 100vw, 1024px\" \/><\/figure><\/div>\n\n\n<p>Au-del\u00e0 de la c\u00e9l\u00e9bration des Jeux Olympiques, cette assembl\u00e9e a \u00e9t\u00e9 l\u2019occasion pour notre \u00e9cole de pr\u00e9senter la France \u00e0 une communaut\u00e9 scolaire cosmopolite, renfor\u00e7ant ainsi les liens entre les cultures. Les \u00e9l\u00e8ves ont \u00e9t\u00e9 particuli\u00e8rement fiers de se faire les ambassadeurs de cet \u00e9v\u00e9nement majeur.<\/p>\n\n\n\n<p><\/p>\n","protected":false},"excerpt":{"rendered":"<p>Le 26 juillet dernier, \u00e0 l\u2019occasion de la c\u00e9r\u00e9monie d\u2019ouverture des Jeux Olympiques de Paris 2024, notre \u00e9cole a organis\u00e9 une pr\u00e9sentation sp\u00e9ciale lors de \u00ab&nbsp;l\u2019Assembly&nbsp;\u00bb, une r\u00e9union hebdomadaire de l\u2019\u00e9cole internationale TEMIS (l\u2019\u00e9cole o\u00f9 l\u2019\u00e9tablissement est int\u00e9gr\u00e9). C\u2019est un \u00e9v\u00e9nement, qui rassemble chaque semaine plus de 500 \u00e9l\u00e8ves et enseignants confondus, un moment cl\u00e9 [&hellip;]<\/p>\n","protected":false},"author":167,"featured_media":0,"comment_status":"open","ping_status":"open","sticky":false,"template":"","format":"standard","meta":{"_acf_changed":false,"footnotes":""},"categories":[1],"tags":[],"class_list":{"0":"post-246","1":"post","2":"type-post","3":"status-publish","4":"format-standard","6":"category-uncategorized","7":"czr-hentry"},"acf":[],"_links":{"self":[{"href":"https:\/\/ee.mlfmonde.org\/tepef\/wp-json\/wp\/v2\/posts\/246","targetHints":{"allow":["GET"]}}],"collection":[{"href":"https:\/\/ee.mlfmonde.org\/tepef\/wp-json\/wp\/v2\/posts"}],"about":[{"href":"https:\/\/ee.mlfmonde.org\/tepef\/wp-json\/wp\/v2\/types\/post"}],"author":[{"embeddable":true,"href":"https:\/\/ee.mlfmonde.org\/tepef\/wp-json\/wp\/v2\/users\/167"}],"replies":[{"embeddable":true,"href":"https:\/\/ee.mlfmonde.org\/tepef\/wp-json\/wp\/v2\/comments?post=246"}],"version-history":[{"count":5,"href":"https:\/\/ee.mlfmonde.org\/tepef\/wp-json\/wp\/v2\/posts\/246\/revisions"}],"predecessor-version":[{"id":384,"href":"https:\/\/ee.mlfmonde.org\/tepef\/wp-json\/wp\/v2\/posts\/246\/revisions\/384"}],"wp:attachment":[{"href":"https:\/\/ee.mlfmonde.org\/tepef\/wp-json\/wp\/v2\/media?parent=246"}],"wp:term":[{"taxonomy":"category","embeddable":true,"href":"https:\/\/ee.mlfmonde.org\/tepef\/wp-json\/wp\/v2\/categories?post=246"},{"taxonomy":"post_tag","embeddable":true,"href":"https:\/\/ee.mlfmonde.org\/tepef\/wp-json\/wp\/v2\/tags?post=246"}],"curies":[{"name":"wp","href":"https:\/\/api.w.org\/{rel}","templated":true}]}}