{"id":9214,"date":"2018-06-07T13:47:16","date_gmt":"2018-06-07T13:47:16","guid":{"rendered":"http:\/\/ee.mlfmonde.org\/stavanger-lycee-francais\/?p=9214"},"modified":"2018-06-07T14:24:00","modified_gmt":"2018-06-07T14:24:00","slug":"interview-darthur-et-leslie-par-les-cp","status":"publish","type":"post","link":"https:\/\/ee.mlfmonde.org\/stavanger-lycee-francais\/interview-darthur-et-leslie-par-les-cp\/","title":{"rendered":"Interview d&rsquo;Arthur et de Leslie par les CP"},"content":{"rendered":"<p>Jeudi 24 mai, les \u00e9l\u00e8ves de CP ont eu la chance de pouvoir discuter avec Leslie et Arthur en direct du P\u00e9rou.<\/p>\n<p><a href=\"http:\/\/ee.mlfmonde.org\/stavanger-lycee-francais\/wp-content\/uploads\/sites\/7\/2018\/06\/2018-06-07-PHOTO-00000117.jpg\"><img fetchpriority=\"high\" decoding=\"async\" class=\"size-medium wp-image-9222 aligncenter\" src=\"http:\/\/ee.mlfmonde.org\/stavanger-lycee-francais\/wp-content\/uploads\/sites\/7\/2018\/06\/2018-06-07-PHOTO-00000117-300x225.jpg\" alt=\"\" width=\"300\" height=\"225\" srcset=\"https:\/\/ee.mlfmonde.org\/stavanger-lycee-francais\/wp-content\/uploads\/sites\/7\/2018\/06\/2018-06-07-PHOTO-00000117-300x225.jpg 300w, https:\/\/ee.mlfmonde.org\/stavanger-lycee-francais\/wp-content\/uploads\/sites\/7\/2018\/06\/2018-06-07-PHOTO-00000117-768x576.jpg 768w, https:\/\/ee.mlfmonde.org\/stavanger-lycee-francais\/wp-content\/uploads\/sites\/7\/2018\/06\/2018-06-07-PHOTO-00000117-1024x768.jpg 1024w, https:\/\/ee.mlfmonde.org\/stavanger-lycee-francais\/wp-content\/uploads\/sites\/7\/2018\/06\/2018-06-07-PHOTO-00000117.jpg 1600w\" sizes=\"(max-width: 300px) 100vw, 300px\" \/><\/a><\/p>\n<p>Ma\u00eblle, Seif et Sacha se sont, tout d\u2019abord, inqui\u00e9t\u00e9s du climat \u00e0 Cuzco puisque nous avions d\u00e9couvert que cette ville se situe \u00e0 environ 3 400m d\u2019altitude.<\/p>\n<!--[if lt IE 9]><script>document.createElement('audio');<\/script><![endif]-->\n<audio class=\"wp-audio-shortcode\" id=\"audio-9214-1\" preload=\"none\" style=\"width: 100%;\" controls=\"controls\"><source type=\"audio\/mpeg\" src=\"http:\/\/ee.mlfmonde.org\/stavanger-lycee-francais\/wp-content\/uploads\/sites\/7\/2018\/06\/Arthur-et-Leslie-1-le-climat.mp3?_=1\" \/><a href=\"http:\/\/ee.mlfmonde.org\/stavanger-lycee-francais\/wp-content\/uploads\/sites\/7\/2018\/06\/Arthur-et-Leslie-1-le-climat.mp3\">http:\/\/ee.mlfmonde.org\/stavanger-lycee-francais\/wp-content\/uploads\/sites\/7\/2018\/06\/Arthur-et-Leslie-1-le-climat.mp3<\/a><\/audio>\n<p>&nbsp;<\/p>\n<p>&nbsp;<\/p>\n<p>Claudia, Juliette, L\u00e9onore et Diel se sont eux demand\u00e9s comment vivaient Arthur et Leslie au P\u00e9rou (la communication avec les gens, leur nourriture, leur confort, leur travail).<\/p>\n<audio class=\"wp-audio-shortcode\" id=\"audio-9214-2\" preload=\"none\" style=\"width: 100%;\" controls=\"controls\"><source type=\"audio\/mpeg\" src=\"http:\/\/ee.mlfmonde.org\/stavanger-lycee-francais\/wp-content\/uploads\/sites\/7\/2018\/06\/Arthur-et-Leslie-2-leur-vie-a\u0300-Cuzco.mp3?_=2\" \/><a href=\"http:\/\/ee.mlfmonde.org\/stavanger-lycee-francais\/wp-content\/uploads\/sites\/7\/2018\/06\/Arthur-et-Leslie-2-leur-vie-a\u0300-Cuzco.mp3\">http:\/\/ee.mlfmonde.org\/stavanger-lycee-francais\/wp-content\/uploads\/sites\/7\/2018\/06\/Arthur-et-Leslie-2-leur-vie-a\u0300-Cuzco.mp3<\/a><\/audio>\n<p>&nbsp;<\/p>\n<p>&nbsp;<\/p>\n<p>Cl\u00e9ment, Lucas, Sacha et Romy les ont ensuite interrog\u00e9s sur la vie des p\u00e9ruviens (v\u00eatements, maisons, Dieux, paysages et histoire).<\/p>\n<audio class=\"wp-audio-shortcode\" id=\"audio-9214-3\" preload=\"none\" style=\"width: 100%;\" controls=\"controls\"><source type=\"audio\/mpeg\" src=\"http:\/\/ee.mlfmonde.org\/stavanger-lycee-francais\/wp-content\/uploads\/sites\/7\/2018\/06\/Arthur-et-Leslie-3-la-vie-des-pe\u0301ruviens.mp3?_=3\" \/><a href=\"http:\/\/ee.mlfmonde.org\/stavanger-lycee-francais\/wp-content\/uploads\/sites\/7\/2018\/06\/Arthur-et-Leslie-3-la-vie-des-pe\u0301ruviens.mp3\">http:\/\/ee.mlfmonde.org\/stavanger-lycee-francais\/wp-content\/uploads\/sites\/7\/2018\/06\/Arthur-et-Leslie-3-la-vie-des-pe\u0301ruviens.mp3<\/a><\/audio>\n<p>&nbsp;<\/p>\n<p>&nbsp;<\/p>\n<p>Et enfin, L\u00e9onie, Thomas et Juliette se sont renseign\u00e9s au sujet de deux animaux embl\u00e9matiques du P\u00e9rou\u00a0: le lama et l\u2019alpaga.<\/p>\n<audio class=\"wp-audio-shortcode\" id=\"audio-9214-4\" preload=\"none\" style=\"width: 100%;\" controls=\"controls\"><source type=\"audio\/mpeg\" src=\"http:\/\/ee.mlfmonde.org\/stavanger-lycee-francais\/wp-content\/uploads\/sites\/7\/2018\/06\/Arthur-et-Leslie-4-les-lamas.mp3?_=4\" \/><a href=\"http:\/\/ee.mlfmonde.org\/stavanger-lycee-francais\/wp-content\/uploads\/sites\/7\/2018\/06\/Arthur-et-Leslie-4-les-lamas.mp3\">http:\/\/ee.mlfmonde.org\/stavanger-lycee-francais\/wp-content\/uploads\/sites\/7\/2018\/06\/Arthur-et-Leslie-4-les-lamas.mp3<\/a><\/audio>\n<p>Ce fut un moment de partage tr\u00e8s riche que les \u00e9l\u00e8ves ont particuli\u00e8rement appr\u00e9ci\u00e9.<\/p>\n<p>Un grand merci \u00e0 Leslie et Arthur.<\/p>\n\n\t\t<style type=\"text\/css\">\n\t\t\t#gallery-1 {\n\t\t\t\tmargin: auto;\n\t\t\t}\n\t\t\t#gallery-1 .gallery-item {\n\t\t\t\tfloat: left;\n\t\t\t\tmargin-top: 10px;\n\t\t\t\ttext-align: center;\n\t\t\t\twidth: 50%;\n\t\t\t}\n\t\t\t#gallery-1 img {\n\t\t\t\tborder: 2px solid #cfcfcf;\n\t\t\t}\n\t\t\t#gallery-1 .gallery-caption {\n\t\t\t\tmargin-left: 0;\n\t\t\t}\n\t\t\t\/* see gallery_shortcode() in wp-includes\/media.php *\/\n\t\t<\/style>\n\t\t<div id='gallery-1' class='gallery galleryid-9214 gallery-columns-2 gallery-size-large'><dl class='gallery-item'>\n\t\t\t<dt class='gallery-icon landscape'>\n\t\t\t\t<a href='https:\/\/ee.mlfmonde.org\/stavanger-lycee-francais\/interview-darthur-et-leslie-par-les-cp\/2018-06-07-photo-00000120\/'><img decoding=\"async\" width=\"1024\" height=\"768\" src=\"https:\/\/ee.mlfmonde.org\/stavanger-lycee-francais\/wp-content\/uploads\/sites\/7\/2018\/06\/2018-06-07-PHOTO-00000120-1024x768.jpg\" class=\"attachment-large size-large\" alt=\"\" srcset=\"https:\/\/ee.mlfmonde.org\/stavanger-lycee-francais\/wp-content\/uploads\/sites\/7\/2018\/06\/2018-06-07-PHOTO-00000120-1024x768.jpg 1024w, https:\/\/ee.mlfmonde.org\/stavanger-lycee-francais\/wp-content\/uploads\/sites\/7\/2018\/06\/2018-06-07-PHOTO-00000120-300x225.jpg 300w, https:\/\/ee.mlfmonde.org\/stavanger-lycee-francais\/wp-content\/uploads\/sites\/7\/2018\/06\/2018-06-07-PHOTO-00000120-768x576.jpg 768w, https:\/\/ee.mlfmonde.org\/stavanger-lycee-francais\/wp-content\/uploads\/sites\/7\/2018\/06\/2018-06-07-PHOTO-00000120.jpg 1600w\" sizes=\"(max-width: 1024px) 100vw, 1024px\" \/><\/a>\n\t\t\t<\/dt><\/dl><dl class='gallery-item'>\n\t\t\t<dt class='gallery-icon landscape'>\n\t\t\t\t<a href='https:\/\/ee.mlfmonde.org\/stavanger-lycee-francais\/interview-darthur-et-leslie-par-les-cp\/2018-06-07-photo-00000119\/'><img decoding=\"async\" width=\"1024\" height=\"768\" src=\"https:\/\/ee.mlfmonde.org\/stavanger-lycee-francais\/wp-content\/uploads\/sites\/7\/2018\/06\/2018-06-07-PHOTO-00000119-1024x768.jpg\" class=\"attachment-large size-large\" alt=\"\" srcset=\"https:\/\/ee.mlfmonde.org\/stavanger-lycee-francais\/wp-content\/uploads\/sites\/7\/2018\/06\/2018-06-07-PHOTO-00000119-1024x768.jpg 1024w, https:\/\/ee.mlfmonde.org\/stavanger-lycee-francais\/wp-content\/uploads\/sites\/7\/2018\/06\/2018-06-07-PHOTO-00000119-300x225.jpg 300w, https:\/\/ee.mlfmonde.org\/stavanger-lycee-francais\/wp-content\/uploads\/sites\/7\/2018\/06\/2018-06-07-PHOTO-00000119-768x576.jpg 768w, https:\/\/ee.mlfmonde.org\/stavanger-lycee-francais\/wp-content\/uploads\/sites\/7\/2018\/06\/2018-06-07-PHOTO-00000119.jpg 1600w\" sizes=\"(max-width: 1024px) 100vw, 1024px\" \/><\/a>\n\t\t\t<\/dt><\/dl><br style=\"clear: both\" \/>\n\t\t<\/div>\n\n","protected":false},"excerpt":{"rendered":"<p>Jeudi 24 mai, les \u00e9l\u00e8ves de CP ont eu la chance de pouvoir discuter avec Leslie et Arthur en direct du P\u00e9rou. Ma\u00eblle, Seif et Sacha se sont, tout d\u2019abord, inqui\u00e9t\u00e9s du climat \u00e0 Cuzco puisque nous avions d\u00e9couvert que cette ville se situe \u00e0 environ 3 400m d\u2019altitude. &nbsp; &nbsp; Claudia, Juliette, L\u00e9onore et [&hellip;]<\/p>\n","protected":false},"author":11,"featured_media":9220,"comment_status":"open","ping_status":"open","sticky":false,"template":"","format":"standard","meta":{"_acf_changed":false,"footnotes":""},"categories":[3],"tags":[],"class_list":{"0":"post-9214","1":"post","2":"type-post","3":"status-publish","4":"format-standard","5":"has-post-thumbnail","7":"category-actualites","8":"czr-hentry"},"acf":[],"_links":{"self":[{"href":"https:\/\/ee.mlfmonde.org\/stavanger-lycee-francais\/wp-json\/wp\/v2\/posts\/9214","targetHints":{"allow":["GET"]}}],"collection":[{"href":"https:\/\/ee.mlfmonde.org\/stavanger-lycee-francais\/wp-json\/wp\/v2\/posts"}],"about":[{"href":"https:\/\/ee.mlfmonde.org\/stavanger-lycee-francais\/wp-json\/wp\/v2\/types\/post"}],"author":[{"embeddable":true,"href":"https:\/\/ee.mlfmonde.org\/stavanger-lycee-francais\/wp-json\/wp\/v2\/users\/11"}],"replies":[{"embeddable":true,"href":"https:\/\/ee.mlfmonde.org\/stavanger-lycee-francais\/wp-json\/wp\/v2\/comments?post=9214"}],"version-history":[{"count":4,"href":"https:\/\/ee.mlfmonde.org\/stavanger-lycee-francais\/wp-json\/wp\/v2\/posts\/9214\/revisions"}],"predecessor-version":[{"id":9227,"href":"https:\/\/ee.mlfmonde.org\/stavanger-lycee-francais\/wp-json\/wp\/v2\/posts\/9214\/revisions\/9227"}],"wp:featuredmedia":[{"embeddable":true,"href":"https:\/\/ee.mlfmonde.org\/stavanger-lycee-francais\/wp-json\/wp\/v2\/media\/9220"}],"wp:attachment":[{"href":"https:\/\/ee.mlfmonde.org\/stavanger-lycee-francais\/wp-json\/wp\/v2\/media?parent=9214"}],"wp:term":[{"taxonomy":"category","embeddable":true,"href":"https:\/\/ee.mlfmonde.org\/stavanger-lycee-francais\/wp-json\/wp\/v2\/categories?post=9214"},{"taxonomy":"post_tag","embeddable":true,"href":"https:\/\/ee.mlfmonde.org\/stavanger-lycee-francais\/wp-json\/wp\/v2\/tags?post=9214"}],"curies":[{"name":"wp","href":"https:\/\/api.w.org\/{rel}","templated":true}]}}