{"id":8714,"date":"2018-05-28T11:47:35","date_gmt":"2018-05-28T11:47:35","guid":{"rendered":"http:\/\/ee.mlfmonde.org\/stavanger-lycee-francais\/?p=8714"},"modified":"2018-05-28T11:48:58","modified_gmt":"2018-05-28T11:48:58","slug":"17-mai-fete-nationale-en-norvege","status":"publish","type":"post","link":"https:\/\/ee.mlfmonde.org\/stavanger-lycee-francais\/17-mai-fete-nationale-en-norvege\/","title":{"rendered":"17 mai, f\u00eate nationale en Norv\u00e8ge"},"content":{"rendered":"<div dir=\"auto\">Le 17 mai, notre \u00e9cole a d\u00e9fil\u00e9 aux c\u00f4t\u00e9s d&rsquo;Eiganes Skole et de tous les autres \u00e9tablissements de Stavanger \u00e0 l&rsquo;occasion de la f\u00eate nationale norv\u00e9gienne qui comm\u00e9more la constitution sign\u00e9e en 1814.<\/div>\n<div dir=\"auto\">Ce jour, nous avons donc pu admirer les costumes traditionnels des gens venus pour assister \u00e0 la parade.<\/div>\n<div dir=\"auto\">Ensuite, les parents ont organis\u00e9 une charmante kermesse \u00e0 l&rsquo;\u00e9cole.<\/div>\n<div dir=\"auto\"><\/div>\n<div dir=\"auto\">\n\n\t\t<style type=\"text\/css\">\n\t\t\t#gallery-1 {\n\t\t\t\tmargin: auto;\n\t\t\t}\n\t\t\t#gallery-1 .gallery-item {\n\t\t\t\tfloat: left;\n\t\t\t\tmargin-top: 10px;\n\t\t\t\ttext-align: center;\n\t\t\t\twidth: 33%;\n\t\t\t}\n\t\t\t#gallery-1 img {\n\t\t\t\tborder: 2px solid #cfcfcf;\n\t\t\t}\n\t\t\t#gallery-1 .gallery-caption {\n\t\t\t\tmargin-left: 0;\n\t\t\t}\n\t\t\t\/* see gallery_shortcode() in wp-includes\/media.php *\/\n\t\t<\/style>\n\t\t<div id='gallery-1' class='gallery galleryid-8714 gallery-columns-3 gallery-size-large'><dl class='gallery-item'>\n\t\t\t<dt class='gallery-icon portrait'>\n\t\t\t\t<a href='https:\/\/ee.mlfmonde.org\/stavanger-lycee-francais\/17-mai-fete-nationale-en-norvege\/17mai2018-1-sur-35\/'><img fetchpriority=\"high\" decoding=\"async\" width=\"682\" height=\"1024\" src=\"https:\/\/ee.mlfmonde.org\/stavanger-lycee-francais\/wp-content\/uploads\/sites\/7\/2018\/05\/17mai2018-1-sur-35-682x1024.jpg\" class=\"attachment-large size-large\" alt=\"\" srcset=\"https:\/\/ee.mlfmonde.org\/stavanger-lycee-francais\/wp-content\/uploads\/sites\/7\/2018\/05\/17mai2018-1-sur-35-682x1024.jpg 682w, https:\/\/ee.mlfmonde.org\/stavanger-lycee-francais\/wp-content\/uploads\/sites\/7\/2018\/05\/17mai2018-1-sur-35-200x300.jpg 200w, https:\/\/ee.mlfmonde.org\/stavanger-lycee-francais\/wp-content\/uploads\/sites\/7\/2018\/05\/17mai2018-1-sur-35-768x1154.jpg 768w, https:\/\/ee.mlfmonde.org\/stavanger-lycee-francais\/wp-content\/uploads\/sites\/7\/2018\/05\/17mai2018-1-sur-35.jpg 1065w\" sizes=\"(max-width: 682px) 100vw, 682px\" \/><\/a>\n\t\t\t<\/dt><\/dl><dl class='gallery-item'>\n\t\t\t<dt class='gallery-icon portrait'>\n\t\t\t\t<a href='https:\/\/ee.mlfmonde.org\/stavanger-lycee-francais\/17-mai-fete-nationale-en-norvege\/17mai2018-4-sur-35\/'><img decoding=\"async\" width=\"682\" height=\"1024\" src=\"https:\/\/ee.mlfmonde.org\/stavanger-lycee-francais\/wp-content\/uploads\/sites\/7\/2018\/05\/17mai2018-4-sur-35-682x1024.jpg\" class=\"attachment-large size-large\" alt=\"\" srcset=\"https:\/\/ee.mlfmonde.org\/stavanger-lycee-francais\/wp-content\/uploads\/sites\/7\/2018\/05\/17mai2018-4-sur-35-682x1024.jpg 682w, https:\/\/ee.mlfmonde.org\/stavanger-lycee-francais\/wp-content\/uploads\/sites\/7\/2018\/05\/17mai2018-4-sur-35-200x300.jpg 200w, https:\/\/ee.mlfmonde.org\/stavanger-lycee-francais\/wp-content\/uploads\/sites\/7\/2018\/05\/17mai2018-4-sur-35-768x1154.jpg 768w, https:\/\/ee.mlfmonde.org\/stavanger-lycee-francais\/wp-content\/uploads\/sites\/7\/2018\/05\/17mai2018-4-sur-35.jpg 1065w\" sizes=\"(max-width: 682px) 100vw, 682px\" \/><\/a>\n\t\t\t<\/dt><\/dl><dl class='gallery-item'>\n\t\t\t<dt class='gallery-icon portrait'>\n\t\t\t\t<a href='https:\/\/ee.mlfmonde.org\/stavanger-lycee-francais\/17-mai-fete-nationale-en-norvege\/17mai2018-26-sur-35\/'><img decoding=\"async\" width=\"682\" height=\"1024\" src=\"https:\/\/ee.mlfmonde.org\/stavanger-lycee-francais\/wp-content\/uploads\/sites\/7\/2018\/05\/17mai2018-26-sur-35-682x1024.jpg\" class=\"attachment-large size-large\" alt=\"\" srcset=\"https:\/\/ee.mlfmonde.org\/stavanger-lycee-francais\/wp-content\/uploads\/sites\/7\/2018\/05\/17mai2018-26-sur-35-682x1024.jpg 682w, https:\/\/ee.mlfmonde.org\/stavanger-lycee-francais\/wp-content\/uploads\/sites\/7\/2018\/05\/17mai2018-26-sur-35-200x300.jpg 200w, https:\/\/ee.mlfmonde.org\/stavanger-lycee-francais\/wp-content\/uploads\/sites\/7\/2018\/05\/17mai2018-26-sur-35-768x1154.jpg 768w, https:\/\/ee.mlfmonde.org\/stavanger-lycee-francais\/wp-content\/uploads\/sites\/7\/2018\/05\/17mai2018-26-sur-35.jpg 1065w\" sizes=\"(max-width: 682px) 100vw, 682px\" \/><\/a>\n\t\t\t<\/dt><\/dl><br style=\"clear: both\" \/><dl class='gallery-item'>\n\t\t\t<dt class='gallery-icon landscape'>\n\t\t\t\t<a href='https:\/\/ee.mlfmonde.org\/stavanger-lycee-francais\/17-mai-fete-nationale-en-norvege\/17mai2018-5-sur-35\/'><img loading=\"lazy\" decoding=\"async\" width=\"1024\" height=\"681\" src=\"https:\/\/ee.mlfmonde.org\/stavanger-lycee-francais\/wp-content\/uploads\/sites\/7\/2018\/05\/17mai2018-5-sur-35-1024x681.jpg\" class=\"attachment-large size-large\" alt=\"\" srcset=\"https:\/\/ee.mlfmonde.org\/stavanger-lycee-francais\/wp-content\/uploads\/sites\/7\/2018\/05\/17mai2018-5-sur-35-1024x681.jpg 1024w, https:\/\/ee.mlfmonde.org\/stavanger-lycee-francais\/wp-content\/uploads\/sites\/7\/2018\/05\/17mai2018-5-sur-35-300x200.jpg 300w, https:\/\/ee.mlfmonde.org\/stavanger-lycee-francais\/wp-content\/uploads\/sites\/7\/2018\/05\/17mai2018-5-sur-35-768x511.jpg 768w, https:\/\/ee.mlfmonde.org\/stavanger-lycee-francais\/wp-content\/uploads\/sites\/7\/2018\/05\/17mai2018-5-sur-35.jpg 1200w\" sizes=\"(max-width: 1024px) 100vw, 1024px\" \/><\/a>\n\t\t\t<\/dt><\/dl><dl class='gallery-item'>\n\t\t\t<dt class='gallery-icon landscape'>\n\t\t\t\t<a href='https:\/\/ee.mlfmonde.org\/stavanger-lycee-francais\/17-mai-fete-nationale-en-norvege\/17mai2018-2-sur-35\/'><img loading=\"lazy\" decoding=\"async\" width=\"1024\" height=\"681\" src=\"https:\/\/ee.mlfmonde.org\/stavanger-lycee-francais\/wp-content\/uploads\/sites\/7\/2018\/05\/17mai2018-2-sur-35-1024x681.jpg\" class=\"attachment-large size-large\" alt=\"\" srcset=\"https:\/\/ee.mlfmonde.org\/stavanger-lycee-francais\/wp-content\/uploads\/sites\/7\/2018\/05\/17mai2018-2-sur-35-1024x681.jpg 1024w, https:\/\/ee.mlfmonde.org\/stavanger-lycee-francais\/wp-content\/uploads\/sites\/7\/2018\/05\/17mai2018-2-sur-35-300x200.jpg 300w, https:\/\/ee.mlfmonde.org\/stavanger-lycee-francais\/wp-content\/uploads\/sites\/7\/2018\/05\/17mai2018-2-sur-35-768x511.jpg 768w, https:\/\/ee.mlfmonde.org\/stavanger-lycee-francais\/wp-content\/uploads\/sites\/7\/2018\/05\/17mai2018-2-sur-35.jpg 1200w\" sizes=\"(max-width: 1024px) 100vw, 1024px\" \/><\/a>\n\t\t\t<\/dt><\/dl><dl class='gallery-item'>\n\t\t\t<dt class='gallery-icon landscape'>\n\t\t\t\t<a href='https:\/\/ee.mlfmonde.org\/stavanger-lycee-francais\/17-mai-fete-nationale-en-norvege\/17mai2018-6-sur-35\/'><img loading=\"lazy\" decoding=\"async\" width=\"1024\" height=\"681\" src=\"https:\/\/ee.mlfmonde.org\/stavanger-lycee-francais\/wp-content\/uploads\/sites\/7\/2018\/05\/17mai2018-6-sur-35-1024x681.jpg\" class=\"attachment-large size-large\" alt=\"\" srcset=\"https:\/\/ee.mlfmonde.org\/stavanger-lycee-francais\/wp-content\/uploads\/sites\/7\/2018\/05\/17mai2018-6-sur-35-1024x681.jpg 1024w, https:\/\/ee.mlfmonde.org\/stavanger-lycee-francais\/wp-content\/uploads\/sites\/7\/2018\/05\/17mai2018-6-sur-35-300x200.jpg 300w, https:\/\/ee.mlfmonde.org\/stavanger-lycee-francais\/wp-content\/uploads\/sites\/7\/2018\/05\/17mai2018-6-sur-35-768x511.jpg 768w, https:\/\/ee.mlfmonde.org\/stavanger-lycee-francais\/wp-content\/uploads\/sites\/7\/2018\/05\/17mai2018-6-sur-35.jpg 1200w\" sizes=\"(max-width: 1024px) 100vw, 1024px\" \/><\/a>\n\t\t\t<\/dt><\/dl><br style=\"clear: both\" \/><dl class='gallery-item'>\n\t\t\t<dt class='gallery-icon landscape'>\n\t\t\t\t<a href='https:\/\/ee.mlfmonde.org\/stavanger-lycee-francais\/17-mai-fete-nationale-en-norvege\/17mai2018-7-sur-35\/'><img loading=\"lazy\" decoding=\"async\" width=\"1024\" height=\"681\" src=\"https:\/\/ee.mlfmonde.org\/stavanger-lycee-francais\/wp-content\/uploads\/sites\/7\/2018\/05\/17mai2018-7-sur-35-1024x681.jpg\" class=\"attachment-large size-large\" alt=\"\" srcset=\"https:\/\/ee.mlfmonde.org\/stavanger-lycee-francais\/wp-content\/uploads\/sites\/7\/2018\/05\/17mai2018-7-sur-35-1024x681.jpg 1024w, https:\/\/ee.mlfmonde.org\/stavanger-lycee-francais\/wp-content\/uploads\/sites\/7\/2018\/05\/17mai2018-7-sur-35-300x200.jpg 300w, https:\/\/ee.mlfmonde.org\/stavanger-lycee-francais\/wp-content\/uploads\/sites\/7\/2018\/05\/17mai2018-7-sur-35-768x511.jpg 768w, https:\/\/ee.mlfmonde.org\/stavanger-lycee-francais\/wp-content\/uploads\/sites\/7\/2018\/05\/17mai2018-7-sur-35.jpg 1200w\" sizes=\"(max-width: 1024px) 100vw, 1024px\" \/><\/a>\n\t\t\t<\/dt><\/dl><dl class='gallery-item'>\n\t\t\t<dt class='gallery-icon landscape'>\n\t\t\t\t<a href='https:\/\/ee.mlfmonde.org\/stavanger-lycee-francais\/17-mai-fete-nationale-en-norvege\/17mai2018-8-sur-35\/'><img loading=\"lazy\" decoding=\"async\" width=\"1024\" height=\"681\" src=\"https:\/\/ee.mlfmonde.org\/stavanger-lycee-francais\/wp-content\/uploads\/sites\/7\/2018\/05\/17mai2018-8-sur-35-1024x681.jpg\" class=\"attachment-large size-large\" alt=\"\" srcset=\"https:\/\/ee.mlfmonde.org\/stavanger-lycee-francais\/wp-content\/uploads\/sites\/7\/2018\/05\/17mai2018-8-sur-35-1024x681.jpg 1024w, https:\/\/ee.mlfmonde.org\/stavanger-lycee-francais\/wp-content\/uploads\/sites\/7\/2018\/05\/17mai2018-8-sur-35-300x200.jpg 300w, https:\/\/ee.mlfmonde.org\/stavanger-lycee-francais\/wp-content\/uploads\/sites\/7\/2018\/05\/17mai2018-8-sur-35-768x511.jpg 768w, https:\/\/ee.mlfmonde.org\/stavanger-lycee-francais\/wp-content\/uploads\/sites\/7\/2018\/05\/17mai2018-8-sur-35.jpg 1200w\" sizes=\"(max-width: 1024px) 100vw, 1024px\" \/><\/a>\n\t\t\t<\/dt><\/dl><dl class='gallery-item'>\n\t\t\t<dt class='gallery-icon landscape'>\n\t\t\t\t<a href='https:\/\/ee.mlfmonde.org\/stavanger-lycee-francais\/17-mai-fete-nationale-en-norvege\/17mai2018-9-sur-35\/'><img loading=\"lazy\" decoding=\"async\" width=\"1024\" height=\"681\" src=\"https:\/\/ee.mlfmonde.org\/stavanger-lycee-francais\/wp-content\/uploads\/sites\/7\/2018\/05\/17mai2018-9-sur-35-1024x681.jpg\" class=\"attachment-large size-large\" alt=\"\" srcset=\"https:\/\/ee.mlfmonde.org\/stavanger-lycee-francais\/wp-content\/uploads\/sites\/7\/2018\/05\/17mai2018-9-sur-35-1024x681.jpg 1024w, https:\/\/ee.mlfmonde.org\/stavanger-lycee-francais\/wp-content\/uploads\/sites\/7\/2018\/05\/17mai2018-9-sur-35-300x200.jpg 300w, https:\/\/ee.mlfmonde.org\/stavanger-lycee-francais\/wp-content\/uploads\/sites\/7\/2018\/05\/17mai2018-9-sur-35-768x511.jpg 768w, https:\/\/ee.mlfmonde.org\/stavanger-lycee-francais\/wp-content\/uploads\/sites\/7\/2018\/05\/17mai2018-9-sur-35.jpg 1200w\" sizes=\"(max-width: 1024px) 100vw, 1024px\" \/><\/a>\n\t\t\t<\/dt><\/dl><br style=\"clear: both\" \/><dl class='gallery-item'>\n\t\t\t<dt class='gallery-icon landscape'>\n\t\t\t\t<a href='https:\/\/ee.mlfmonde.org\/stavanger-lycee-francais\/17-mai-fete-nationale-en-norvege\/17mai2018-10-sur-35\/'><img loading=\"lazy\" decoding=\"async\" width=\"1024\" height=\"681\" src=\"https:\/\/ee.mlfmonde.org\/stavanger-lycee-francais\/wp-content\/uploads\/sites\/7\/2018\/05\/17mai2018-10-sur-35-1024x681.jpg\" class=\"attachment-large size-large\" alt=\"\" srcset=\"https:\/\/ee.mlfmonde.org\/stavanger-lycee-francais\/wp-content\/uploads\/sites\/7\/2018\/05\/17mai2018-10-sur-35-1024x681.jpg 1024w, https:\/\/ee.mlfmonde.org\/stavanger-lycee-francais\/wp-content\/uploads\/sites\/7\/2018\/05\/17mai2018-10-sur-35-300x200.jpg 300w, https:\/\/ee.mlfmonde.org\/stavanger-lycee-francais\/wp-content\/uploads\/sites\/7\/2018\/05\/17mai2018-10-sur-35-768x511.jpg 768w, https:\/\/ee.mlfmonde.org\/stavanger-lycee-francais\/wp-content\/uploads\/sites\/7\/2018\/05\/17mai2018-10-sur-35.jpg 1200w\" sizes=\"(max-width: 1024px) 100vw, 1024px\" \/><\/a>\n\t\t\t<\/dt><\/dl><dl class='gallery-item'>\n\t\t\t<dt class='gallery-icon landscape'>\n\t\t\t\t<a href='https:\/\/ee.mlfmonde.org\/stavanger-lycee-francais\/17-mai-fete-nationale-en-norvege\/17mai2018-11-sur-35\/'><img loading=\"lazy\" decoding=\"async\" width=\"1024\" height=\"681\" src=\"https:\/\/ee.mlfmonde.org\/stavanger-lycee-francais\/wp-content\/uploads\/sites\/7\/2018\/05\/17mai2018-11-sur-35-1024x681.jpg\" class=\"attachment-large size-large\" alt=\"\" srcset=\"https:\/\/ee.mlfmonde.org\/stavanger-lycee-francais\/wp-content\/uploads\/sites\/7\/2018\/05\/17mai2018-11-sur-35-1024x681.jpg 1024w, https:\/\/ee.mlfmonde.org\/stavanger-lycee-francais\/wp-content\/uploads\/sites\/7\/2018\/05\/17mai2018-11-sur-35-300x200.jpg 300w, https:\/\/ee.mlfmonde.org\/stavanger-lycee-francais\/wp-content\/uploads\/sites\/7\/2018\/05\/17mai2018-11-sur-35-768x511.jpg 768w, https:\/\/ee.mlfmonde.org\/stavanger-lycee-francais\/wp-content\/uploads\/sites\/7\/2018\/05\/17mai2018-11-sur-35.jpg 1200w\" sizes=\"(max-width: 1024px) 100vw, 1024px\" \/><\/a>\n\t\t\t<\/dt><\/dl><dl class='gallery-item'>\n\t\t\t<dt class='gallery-icon landscape'>\n\t\t\t\t<a href='https:\/\/ee.mlfmonde.org\/stavanger-lycee-francais\/17-mai-fete-nationale-en-norvege\/17mai2018-12-sur-35\/'><img loading=\"lazy\" decoding=\"async\" width=\"1024\" height=\"681\" src=\"https:\/\/ee.mlfmonde.org\/stavanger-lycee-francais\/wp-content\/uploads\/sites\/7\/2018\/05\/17mai2018-12-sur-35-1024x681.jpg\" class=\"attachment-large size-large\" alt=\"\" srcset=\"https:\/\/ee.mlfmonde.org\/stavanger-lycee-francais\/wp-content\/uploads\/sites\/7\/2018\/05\/17mai2018-12-sur-35-1024x681.jpg 1024w, https:\/\/ee.mlfmonde.org\/stavanger-lycee-francais\/wp-content\/uploads\/sites\/7\/2018\/05\/17mai2018-12-sur-35-300x200.jpg 300w, https:\/\/ee.mlfmonde.org\/stavanger-lycee-francais\/wp-content\/uploads\/sites\/7\/2018\/05\/17mai2018-12-sur-35-768x511.jpg 768w, https:\/\/ee.mlfmonde.org\/stavanger-lycee-francais\/wp-content\/uploads\/sites\/7\/2018\/05\/17mai2018-12-sur-35.jpg 1200w\" sizes=\"(max-width: 1024px) 100vw, 1024px\" \/><\/a>\n\t\t\t<\/dt><\/dl><br style=\"clear: both\" \/><dl class='gallery-item'>\n\t\t\t<dt class='gallery-icon landscape'>\n\t\t\t\t<a href='https:\/\/ee.mlfmonde.org\/stavanger-lycee-francais\/17-mai-fete-nationale-en-norvege\/17mai2018-13-sur-35\/'><img loading=\"lazy\" decoding=\"async\" width=\"1024\" height=\"681\" src=\"https:\/\/ee.mlfmonde.org\/stavanger-lycee-francais\/wp-content\/uploads\/sites\/7\/2018\/05\/17mai2018-13-sur-35-1024x681.jpg\" class=\"attachment-large size-large\" alt=\"\" srcset=\"https:\/\/ee.mlfmonde.org\/stavanger-lycee-francais\/wp-content\/uploads\/sites\/7\/2018\/05\/17mai2018-13-sur-35-1024x681.jpg 1024w, https:\/\/ee.mlfmonde.org\/stavanger-lycee-francais\/wp-content\/uploads\/sites\/7\/2018\/05\/17mai2018-13-sur-35-300x200.jpg 300w, https:\/\/ee.mlfmonde.org\/stavanger-lycee-francais\/wp-content\/uploads\/sites\/7\/2018\/05\/17mai2018-13-sur-35-768x511.jpg 768w, https:\/\/ee.mlfmonde.org\/stavanger-lycee-francais\/wp-content\/uploads\/sites\/7\/2018\/05\/17mai2018-13-sur-35.jpg 1200w\" sizes=\"(max-width: 1024px) 100vw, 1024px\" \/><\/a>\n\t\t\t<\/dt><\/dl><dl class='gallery-item'>\n\t\t\t<dt class='gallery-icon landscape'>\n\t\t\t\t<a href='https:\/\/ee.mlfmonde.org\/stavanger-lycee-francais\/17-mai-fete-nationale-en-norvege\/17mai2018-14-sur-35\/'><img loading=\"lazy\" decoding=\"async\" width=\"1024\" height=\"681\" src=\"https:\/\/ee.mlfmonde.org\/stavanger-lycee-francais\/wp-content\/uploads\/sites\/7\/2018\/05\/17mai2018-14-sur-35-1024x681.jpg\" class=\"attachment-large size-large\" alt=\"\" srcset=\"https:\/\/ee.mlfmonde.org\/stavanger-lycee-francais\/wp-content\/uploads\/sites\/7\/2018\/05\/17mai2018-14-sur-35-1024x681.jpg 1024w, https:\/\/ee.mlfmonde.org\/stavanger-lycee-francais\/wp-content\/uploads\/sites\/7\/2018\/05\/17mai2018-14-sur-35-300x200.jpg 300w, https:\/\/ee.mlfmonde.org\/stavanger-lycee-francais\/wp-content\/uploads\/sites\/7\/2018\/05\/17mai2018-14-sur-35-768x511.jpg 768w, https:\/\/ee.mlfmonde.org\/stavanger-lycee-francais\/wp-content\/uploads\/sites\/7\/2018\/05\/17mai2018-14-sur-35.jpg 1200w\" sizes=\"(max-width: 1024px) 100vw, 1024px\" \/><\/a>\n\t\t\t<\/dt><\/dl><dl class='gallery-item'>\n\t\t\t<dt class='gallery-icon landscape'>\n\t\t\t\t<a href='https:\/\/ee.mlfmonde.org\/stavanger-lycee-francais\/17-mai-fete-nationale-en-norvege\/17mai2018-15-sur-35\/'><img loading=\"lazy\" decoding=\"async\" width=\"1024\" height=\"681\" src=\"https:\/\/ee.mlfmonde.org\/stavanger-lycee-francais\/wp-content\/uploads\/sites\/7\/2018\/05\/17mai2018-15-sur-35-1024x681.jpg\" class=\"attachment-large size-large\" alt=\"\" srcset=\"https:\/\/ee.mlfmonde.org\/stavanger-lycee-francais\/wp-content\/uploads\/sites\/7\/2018\/05\/17mai2018-15-sur-35-1024x681.jpg 1024w, https:\/\/ee.mlfmonde.org\/stavanger-lycee-francais\/wp-content\/uploads\/sites\/7\/2018\/05\/17mai2018-15-sur-35-300x200.jpg 300w, https:\/\/ee.mlfmonde.org\/stavanger-lycee-francais\/wp-content\/uploads\/sites\/7\/2018\/05\/17mai2018-15-sur-35-768x511.jpg 768w, https:\/\/ee.mlfmonde.org\/stavanger-lycee-francais\/wp-content\/uploads\/sites\/7\/2018\/05\/17mai2018-15-sur-35.jpg 1200w\" sizes=\"(max-width: 1024px) 100vw, 1024px\" \/><\/a>\n\t\t\t<\/dt><\/dl><br style=\"clear: both\" \/><dl class='gallery-item'>\n\t\t\t<dt class='gallery-icon landscape'>\n\t\t\t\t<a href='https:\/\/ee.mlfmonde.org\/stavanger-lycee-francais\/17-mai-fete-nationale-en-norvege\/17mai2018-16-sur-35\/'><img loading=\"lazy\" decoding=\"async\" width=\"1024\" height=\"681\" src=\"https:\/\/ee.mlfmonde.org\/stavanger-lycee-francais\/wp-content\/uploads\/sites\/7\/2018\/05\/17mai2018-16-sur-35-1024x681.jpg\" class=\"attachment-large size-large\" alt=\"\" srcset=\"https:\/\/ee.mlfmonde.org\/stavanger-lycee-francais\/wp-content\/uploads\/sites\/7\/2018\/05\/17mai2018-16-sur-35-1024x681.jpg 1024w, https:\/\/ee.mlfmonde.org\/stavanger-lycee-francais\/wp-content\/uploads\/sites\/7\/2018\/05\/17mai2018-16-sur-35-300x200.jpg 300w, https:\/\/ee.mlfmonde.org\/stavanger-lycee-francais\/wp-content\/uploads\/sites\/7\/2018\/05\/17mai2018-16-sur-35-768x511.jpg 768w, https:\/\/ee.mlfmonde.org\/stavanger-lycee-francais\/wp-content\/uploads\/sites\/7\/2018\/05\/17mai2018-16-sur-35.jpg 1200w\" sizes=\"(max-width: 1024px) 100vw, 1024px\" \/><\/a>\n\t\t\t<\/dt><\/dl><dl class='gallery-item'>\n\t\t\t<dt class='gallery-icon landscape'>\n\t\t\t\t<a href='https:\/\/ee.mlfmonde.org\/stavanger-lycee-francais\/17-mai-fete-nationale-en-norvege\/17mai2018-18-sur-35\/'><img loading=\"lazy\" decoding=\"async\" width=\"1024\" height=\"681\" src=\"https:\/\/ee.mlfmonde.org\/stavanger-lycee-francais\/wp-content\/uploads\/sites\/7\/2018\/05\/17mai2018-18-sur-35-1024x681.jpg\" class=\"attachment-large size-large\" alt=\"\" srcset=\"https:\/\/ee.mlfmonde.org\/stavanger-lycee-francais\/wp-content\/uploads\/sites\/7\/2018\/05\/17mai2018-18-sur-35-1024x681.jpg 1024w, https:\/\/ee.mlfmonde.org\/stavanger-lycee-francais\/wp-content\/uploads\/sites\/7\/2018\/05\/17mai2018-18-sur-35-300x200.jpg 300w, https:\/\/ee.mlfmonde.org\/stavanger-lycee-francais\/wp-content\/uploads\/sites\/7\/2018\/05\/17mai2018-18-sur-35-768x511.jpg 768w, https:\/\/ee.mlfmonde.org\/stavanger-lycee-francais\/wp-content\/uploads\/sites\/7\/2018\/05\/17mai2018-18-sur-35.jpg 1200w\" sizes=\"(max-width: 1024px) 100vw, 1024px\" \/><\/a>\n\t\t\t<\/dt><\/dl><dl class='gallery-item'>\n\t\t\t<dt class='gallery-icon landscape'>\n\t\t\t\t<a href='https:\/\/ee.mlfmonde.org\/stavanger-lycee-francais\/17-mai-fete-nationale-en-norvege\/17mai2018-19-sur-35\/'><img loading=\"lazy\" decoding=\"async\" width=\"1024\" height=\"681\" src=\"https:\/\/ee.mlfmonde.org\/stavanger-lycee-francais\/wp-content\/uploads\/sites\/7\/2018\/05\/17mai2018-19-sur-35-1024x681.jpg\" class=\"attachment-large size-large\" alt=\"\" srcset=\"https:\/\/ee.mlfmonde.org\/stavanger-lycee-francais\/wp-content\/uploads\/sites\/7\/2018\/05\/17mai2018-19-sur-35-1024x681.jpg 1024w, https:\/\/ee.mlfmonde.org\/stavanger-lycee-francais\/wp-content\/uploads\/sites\/7\/2018\/05\/17mai2018-19-sur-35-300x200.jpg 300w, https:\/\/ee.mlfmonde.org\/stavanger-lycee-francais\/wp-content\/uploads\/sites\/7\/2018\/05\/17mai2018-19-sur-35-768x511.jpg 768w, https:\/\/ee.mlfmonde.org\/stavanger-lycee-francais\/wp-content\/uploads\/sites\/7\/2018\/05\/17mai2018-19-sur-35.jpg 1200w\" sizes=\"(max-width: 1024px) 100vw, 1024px\" \/><\/a>\n\t\t\t<\/dt><\/dl><br style=\"clear: both\" \/><dl class='gallery-item'>\n\t\t\t<dt class='gallery-icon landscape'>\n\t\t\t\t<a href='https:\/\/ee.mlfmonde.org\/stavanger-lycee-francais\/17-mai-fete-nationale-en-norvege\/17mai2018-20-sur-35\/'><img loading=\"lazy\" decoding=\"async\" width=\"1024\" height=\"681\" src=\"https:\/\/ee.mlfmonde.org\/stavanger-lycee-francais\/wp-content\/uploads\/sites\/7\/2018\/05\/17mai2018-20-sur-35-1024x681.jpg\" class=\"attachment-large size-large\" alt=\"\" srcset=\"https:\/\/ee.mlfmonde.org\/stavanger-lycee-francais\/wp-content\/uploads\/sites\/7\/2018\/05\/17mai2018-20-sur-35-1024x681.jpg 1024w, https:\/\/ee.mlfmonde.org\/stavanger-lycee-francais\/wp-content\/uploads\/sites\/7\/2018\/05\/17mai2018-20-sur-35-300x200.jpg 300w, https:\/\/ee.mlfmonde.org\/stavanger-lycee-francais\/wp-content\/uploads\/sites\/7\/2018\/05\/17mai2018-20-sur-35-768x511.jpg 768w, https:\/\/ee.mlfmonde.org\/stavanger-lycee-francais\/wp-content\/uploads\/sites\/7\/2018\/05\/17mai2018-20-sur-35.jpg 1200w\" sizes=\"(max-width: 1024px) 100vw, 1024px\" \/><\/a>\n\t\t\t<\/dt><\/dl><dl class='gallery-item'>\n\t\t\t<dt class='gallery-icon landscape'>\n\t\t\t\t<a href='https:\/\/ee.mlfmonde.org\/stavanger-lycee-francais\/17-mai-fete-nationale-en-norvege\/17mai2018-21-sur-35\/'><img loading=\"lazy\" decoding=\"async\" width=\"1024\" height=\"681\" src=\"https:\/\/ee.mlfmonde.org\/stavanger-lycee-francais\/wp-content\/uploads\/sites\/7\/2018\/05\/17mai2018-21-sur-35-1024x681.jpg\" class=\"attachment-large size-large\" alt=\"\" srcset=\"https:\/\/ee.mlfmonde.org\/stavanger-lycee-francais\/wp-content\/uploads\/sites\/7\/2018\/05\/17mai2018-21-sur-35-1024x681.jpg 1024w, https:\/\/ee.mlfmonde.org\/stavanger-lycee-francais\/wp-content\/uploads\/sites\/7\/2018\/05\/17mai2018-21-sur-35-300x200.jpg 300w, https:\/\/ee.mlfmonde.org\/stavanger-lycee-francais\/wp-content\/uploads\/sites\/7\/2018\/05\/17mai2018-21-sur-35-768x511.jpg 768w, https:\/\/ee.mlfmonde.org\/stavanger-lycee-francais\/wp-content\/uploads\/sites\/7\/2018\/05\/17mai2018-21-sur-35.jpg 1200w\" sizes=\"(max-width: 1024px) 100vw, 1024px\" \/><\/a>\n\t\t\t<\/dt><\/dl><dl class='gallery-item'>\n\t\t\t<dt class='gallery-icon landscape'>\n\t\t\t\t<a href='https:\/\/ee.mlfmonde.org\/stavanger-lycee-francais\/17-mai-fete-nationale-en-norvege\/17mai2018-22-sur-35\/'><img loading=\"lazy\" decoding=\"async\" width=\"1024\" height=\"681\" src=\"https:\/\/ee.mlfmonde.org\/stavanger-lycee-francais\/wp-content\/uploads\/sites\/7\/2018\/05\/17mai2018-22-sur-35-1024x681.jpg\" class=\"attachment-large size-large\" alt=\"\" srcset=\"https:\/\/ee.mlfmonde.org\/stavanger-lycee-francais\/wp-content\/uploads\/sites\/7\/2018\/05\/17mai2018-22-sur-35-1024x681.jpg 1024w, https:\/\/ee.mlfmonde.org\/stavanger-lycee-francais\/wp-content\/uploads\/sites\/7\/2018\/05\/17mai2018-22-sur-35-300x200.jpg 300w, https:\/\/ee.mlfmonde.org\/stavanger-lycee-francais\/wp-content\/uploads\/sites\/7\/2018\/05\/17mai2018-22-sur-35-768x511.jpg 768w, https:\/\/ee.mlfmonde.org\/stavanger-lycee-francais\/wp-content\/uploads\/sites\/7\/2018\/05\/17mai2018-22-sur-35.jpg 1200w\" sizes=\"(max-width: 1024px) 100vw, 1024px\" \/><\/a>\n\t\t\t<\/dt><\/dl><br style=\"clear: both\" \/><dl class='gallery-item'>\n\t\t\t<dt class='gallery-icon landscape'>\n\t\t\t\t<a href='https:\/\/ee.mlfmonde.org\/stavanger-lycee-francais\/17-mai-fete-nationale-en-norvege\/17mai2018-23-sur-35\/'><img loading=\"lazy\" decoding=\"async\" width=\"1024\" height=\"681\" src=\"https:\/\/ee.mlfmonde.org\/stavanger-lycee-francais\/wp-content\/uploads\/sites\/7\/2018\/05\/17mai2018-23-sur-35-1024x681.jpg\" class=\"attachment-large size-large\" alt=\"\" srcset=\"https:\/\/ee.mlfmonde.org\/stavanger-lycee-francais\/wp-content\/uploads\/sites\/7\/2018\/05\/17mai2018-23-sur-35-1024x681.jpg 1024w, https:\/\/ee.mlfmonde.org\/stavanger-lycee-francais\/wp-content\/uploads\/sites\/7\/2018\/05\/17mai2018-23-sur-35-300x200.jpg 300w, https:\/\/ee.mlfmonde.org\/stavanger-lycee-francais\/wp-content\/uploads\/sites\/7\/2018\/05\/17mai2018-23-sur-35-768x511.jpg 768w, https:\/\/ee.mlfmonde.org\/stavanger-lycee-francais\/wp-content\/uploads\/sites\/7\/2018\/05\/17mai2018-23-sur-35.jpg 1200w\" sizes=\"(max-width: 1024px) 100vw, 1024px\" \/><\/a>\n\t\t\t<\/dt><\/dl><dl class='gallery-item'>\n\t\t\t<dt class='gallery-icon landscape'>\n\t\t\t\t<a href='https:\/\/ee.mlfmonde.org\/stavanger-lycee-francais\/17-mai-fete-nationale-en-norvege\/17mai2018-24-sur-35\/'><img loading=\"lazy\" decoding=\"async\" width=\"1024\" height=\"681\" src=\"https:\/\/ee.mlfmonde.org\/stavanger-lycee-francais\/wp-content\/uploads\/sites\/7\/2018\/05\/17mai2018-24-sur-35-1024x681.jpg\" class=\"attachment-large size-large\" alt=\"\" srcset=\"https:\/\/ee.mlfmonde.org\/stavanger-lycee-francais\/wp-content\/uploads\/sites\/7\/2018\/05\/17mai2018-24-sur-35-1024x681.jpg 1024w, https:\/\/ee.mlfmonde.org\/stavanger-lycee-francais\/wp-content\/uploads\/sites\/7\/2018\/05\/17mai2018-24-sur-35-300x200.jpg 300w, https:\/\/ee.mlfmonde.org\/stavanger-lycee-francais\/wp-content\/uploads\/sites\/7\/2018\/05\/17mai2018-24-sur-35-768x511.jpg 768w, https:\/\/ee.mlfmonde.org\/stavanger-lycee-francais\/wp-content\/uploads\/sites\/7\/2018\/05\/17mai2018-24-sur-35.jpg 1200w\" sizes=\"(max-width: 1024px) 100vw, 1024px\" \/><\/a>\n\t\t\t<\/dt><\/dl><dl class='gallery-item'>\n\t\t\t<dt class='gallery-icon landscape'>\n\t\t\t\t<a href='https:\/\/ee.mlfmonde.org\/stavanger-lycee-francais\/17-mai-fete-nationale-en-norvege\/17mai2018-25-sur-35\/'><img loading=\"lazy\" decoding=\"async\" width=\"1024\" height=\"681\" src=\"https:\/\/ee.mlfmonde.org\/stavanger-lycee-francais\/wp-content\/uploads\/sites\/7\/2018\/05\/17mai2018-25-sur-35-1024x681.jpg\" class=\"attachment-large size-large\" alt=\"\" srcset=\"https:\/\/ee.mlfmonde.org\/stavanger-lycee-francais\/wp-content\/uploads\/sites\/7\/2018\/05\/17mai2018-25-sur-35-1024x681.jpg 1024w, https:\/\/ee.mlfmonde.org\/stavanger-lycee-francais\/wp-content\/uploads\/sites\/7\/2018\/05\/17mai2018-25-sur-35-300x200.jpg 300w, https:\/\/ee.mlfmonde.org\/stavanger-lycee-francais\/wp-content\/uploads\/sites\/7\/2018\/05\/17mai2018-25-sur-35-768x511.jpg 768w, https:\/\/ee.mlfmonde.org\/stavanger-lycee-francais\/wp-content\/uploads\/sites\/7\/2018\/05\/17mai2018-25-sur-35.jpg 1200w\" sizes=\"(max-width: 1024px) 100vw, 1024px\" \/><\/a>\n\t\t\t<\/dt><\/dl><br style=\"clear: both\" \/><dl class='gallery-item'>\n\t\t\t<dt class='gallery-icon landscape'>\n\t\t\t\t<a href='https:\/\/ee.mlfmonde.org\/stavanger-lycee-francais\/17-mai-fete-nationale-en-norvege\/17mai2018-27-sur-35\/'><img loading=\"lazy\" decoding=\"async\" width=\"1024\" height=\"681\" src=\"https:\/\/ee.mlfmonde.org\/stavanger-lycee-francais\/wp-content\/uploads\/sites\/7\/2018\/05\/17mai2018-27-sur-35-1024x681.jpg\" class=\"attachment-large size-large\" alt=\"\" srcset=\"https:\/\/ee.mlfmonde.org\/stavanger-lycee-francais\/wp-content\/uploads\/sites\/7\/2018\/05\/17mai2018-27-sur-35-1024x681.jpg 1024w, https:\/\/ee.mlfmonde.org\/stavanger-lycee-francais\/wp-content\/uploads\/sites\/7\/2018\/05\/17mai2018-27-sur-35-300x200.jpg 300w, https:\/\/ee.mlfmonde.org\/stavanger-lycee-francais\/wp-content\/uploads\/sites\/7\/2018\/05\/17mai2018-27-sur-35-768x511.jpg 768w, https:\/\/ee.mlfmonde.org\/stavanger-lycee-francais\/wp-content\/uploads\/sites\/7\/2018\/05\/17mai2018-27-sur-35.jpg 1200w\" sizes=\"(max-width: 1024px) 100vw, 1024px\" \/><\/a>\n\t\t\t<\/dt><\/dl><dl class='gallery-item'>\n\t\t\t<dt class='gallery-icon landscape'>\n\t\t\t\t<a href='https:\/\/ee.mlfmonde.org\/stavanger-lycee-francais\/17-mai-fete-nationale-en-norvege\/17mai2018-28-sur-35\/'><img loading=\"lazy\" decoding=\"async\" width=\"1024\" height=\"681\" src=\"https:\/\/ee.mlfmonde.org\/stavanger-lycee-francais\/wp-content\/uploads\/sites\/7\/2018\/05\/17mai2018-28-sur-35-1024x681.jpg\" class=\"attachment-large size-large\" alt=\"\" srcset=\"https:\/\/ee.mlfmonde.org\/stavanger-lycee-francais\/wp-content\/uploads\/sites\/7\/2018\/05\/17mai2018-28-sur-35-1024x681.jpg 1024w, https:\/\/ee.mlfmonde.org\/stavanger-lycee-francais\/wp-content\/uploads\/sites\/7\/2018\/05\/17mai2018-28-sur-35-300x200.jpg 300w, https:\/\/ee.mlfmonde.org\/stavanger-lycee-francais\/wp-content\/uploads\/sites\/7\/2018\/05\/17mai2018-28-sur-35-768x511.jpg 768w, https:\/\/ee.mlfmonde.org\/stavanger-lycee-francais\/wp-content\/uploads\/sites\/7\/2018\/05\/17mai2018-28-sur-35.jpg 1200w\" sizes=\"(max-width: 1024px) 100vw, 1024px\" \/><\/a>\n\t\t\t<\/dt><\/dl><dl class='gallery-item'>\n\t\t\t<dt class='gallery-icon landscape'>\n\t\t\t\t<a href='https:\/\/ee.mlfmonde.org\/stavanger-lycee-francais\/17-mai-fete-nationale-en-norvege\/17mai2018-29-sur-35\/'><img loading=\"lazy\" decoding=\"async\" width=\"1024\" height=\"681\" src=\"https:\/\/ee.mlfmonde.org\/stavanger-lycee-francais\/wp-content\/uploads\/sites\/7\/2018\/05\/17mai2018-29-sur-35-1024x681.jpg\" class=\"attachment-large size-large\" alt=\"\" srcset=\"https:\/\/ee.mlfmonde.org\/stavanger-lycee-francais\/wp-content\/uploads\/sites\/7\/2018\/05\/17mai2018-29-sur-35-1024x681.jpg 1024w, https:\/\/ee.mlfmonde.org\/stavanger-lycee-francais\/wp-content\/uploads\/sites\/7\/2018\/05\/17mai2018-29-sur-35-300x200.jpg 300w, https:\/\/ee.mlfmonde.org\/stavanger-lycee-francais\/wp-content\/uploads\/sites\/7\/2018\/05\/17mai2018-29-sur-35-768x511.jpg 768w, https:\/\/ee.mlfmonde.org\/stavanger-lycee-francais\/wp-content\/uploads\/sites\/7\/2018\/05\/17mai2018-29-sur-35.jpg 1200w\" sizes=\"(max-width: 1024px) 100vw, 1024px\" \/><\/a>\n\t\t\t<\/dt><\/dl><br style=\"clear: both\" \/><dl class='gallery-item'>\n\t\t\t<dt class='gallery-icon landscape'>\n\t\t\t\t<a href='https:\/\/ee.mlfmonde.org\/stavanger-lycee-francais\/17-mai-fete-nationale-en-norvege\/17mai2018-30-sur-35\/'><img loading=\"lazy\" decoding=\"async\" width=\"1024\" height=\"681\" src=\"https:\/\/ee.mlfmonde.org\/stavanger-lycee-francais\/wp-content\/uploads\/sites\/7\/2018\/05\/17mai2018-30-sur-35-1024x681.jpg\" class=\"attachment-large size-large\" alt=\"\" srcset=\"https:\/\/ee.mlfmonde.org\/stavanger-lycee-francais\/wp-content\/uploads\/sites\/7\/2018\/05\/17mai2018-30-sur-35-1024x681.jpg 1024w, https:\/\/ee.mlfmonde.org\/stavanger-lycee-francais\/wp-content\/uploads\/sites\/7\/2018\/05\/17mai2018-30-sur-35-300x200.jpg 300w, https:\/\/ee.mlfmonde.org\/stavanger-lycee-francais\/wp-content\/uploads\/sites\/7\/2018\/05\/17mai2018-30-sur-35-768x511.jpg 768w, https:\/\/ee.mlfmonde.org\/stavanger-lycee-francais\/wp-content\/uploads\/sites\/7\/2018\/05\/17mai2018-30-sur-35.jpg 1200w\" sizes=\"(max-width: 1024px) 100vw, 1024px\" \/><\/a>\n\t\t\t<\/dt><\/dl><dl class='gallery-item'>\n\t\t\t<dt class='gallery-icon landscape'>\n\t\t\t\t<a href='https:\/\/ee.mlfmonde.org\/stavanger-lycee-francais\/17-mai-fete-nationale-en-norvege\/17mai2018-31-sur-35\/'><img loading=\"lazy\" decoding=\"async\" width=\"1024\" height=\"681\" src=\"https:\/\/ee.mlfmonde.org\/stavanger-lycee-francais\/wp-content\/uploads\/sites\/7\/2018\/05\/17mai2018-31-sur-35-1024x681.jpg\" class=\"attachment-large size-large\" alt=\"\" srcset=\"https:\/\/ee.mlfmonde.org\/stavanger-lycee-francais\/wp-content\/uploads\/sites\/7\/2018\/05\/17mai2018-31-sur-35-1024x681.jpg 1024w, https:\/\/ee.mlfmonde.org\/stavanger-lycee-francais\/wp-content\/uploads\/sites\/7\/2018\/05\/17mai2018-31-sur-35-300x200.jpg 300w, https:\/\/ee.mlfmonde.org\/stavanger-lycee-francais\/wp-content\/uploads\/sites\/7\/2018\/05\/17mai2018-31-sur-35-768x511.jpg 768w, https:\/\/ee.mlfmonde.org\/stavanger-lycee-francais\/wp-content\/uploads\/sites\/7\/2018\/05\/17mai2018-31-sur-35.jpg 1200w\" sizes=\"(max-width: 1024px) 100vw, 1024px\" \/><\/a>\n\t\t\t<\/dt><\/dl><dl class='gallery-item'>\n\t\t\t<dt class='gallery-icon landscape'>\n\t\t\t\t<a href='https:\/\/ee.mlfmonde.org\/stavanger-lycee-francais\/17-mai-fete-nationale-en-norvege\/17mai2018-32-sur-35\/'><img loading=\"lazy\" decoding=\"async\" width=\"1024\" height=\"681\" src=\"https:\/\/ee.mlfmonde.org\/stavanger-lycee-francais\/wp-content\/uploads\/sites\/7\/2018\/05\/17mai2018-32-sur-35-1024x681.jpg\" class=\"attachment-large size-large\" alt=\"\" srcset=\"https:\/\/ee.mlfmonde.org\/stavanger-lycee-francais\/wp-content\/uploads\/sites\/7\/2018\/05\/17mai2018-32-sur-35-1024x681.jpg 1024w, https:\/\/ee.mlfmonde.org\/stavanger-lycee-francais\/wp-content\/uploads\/sites\/7\/2018\/05\/17mai2018-32-sur-35-300x200.jpg 300w, https:\/\/ee.mlfmonde.org\/stavanger-lycee-francais\/wp-content\/uploads\/sites\/7\/2018\/05\/17mai2018-32-sur-35-768x511.jpg 768w, https:\/\/ee.mlfmonde.org\/stavanger-lycee-francais\/wp-content\/uploads\/sites\/7\/2018\/05\/17mai2018-32-sur-35.jpg 1200w\" sizes=\"(max-width: 1024px) 100vw, 1024px\" \/><\/a>\n\t\t\t<\/dt><\/dl><br style=\"clear: both\" \/><dl class='gallery-item'>\n\t\t\t<dt class='gallery-icon landscape'>\n\t\t\t\t<a href='https:\/\/ee.mlfmonde.org\/stavanger-lycee-francais\/17-mai-fete-nationale-en-norvege\/17mai2018-34-sur-35\/'><img loading=\"lazy\" decoding=\"async\" width=\"1024\" height=\"681\" src=\"https:\/\/ee.mlfmonde.org\/stavanger-lycee-francais\/wp-content\/uploads\/sites\/7\/2018\/05\/17mai2018-34-sur-35-1024x681.jpg\" class=\"attachment-large size-large\" alt=\"\" srcset=\"https:\/\/ee.mlfmonde.org\/stavanger-lycee-francais\/wp-content\/uploads\/sites\/7\/2018\/05\/17mai2018-34-sur-35-1024x681.jpg 1024w, https:\/\/ee.mlfmonde.org\/stavanger-lycee-francais\/wp-content\/uploads\/sites\/7\/2018\/05\/17mai2018-34-sur-35-300x200.jpg 300w, https:\/\/ee.mlfmonde.org\/stavanger-lycee-francais\/wp-content\/uploads\/sites\/7\/2018\/05\/17mai2018-34-sur-35-768x511.jpg 768w, https:\/\/ee.mlfmonde.org\/stavanger-lycee-francais\/wp-content\/uploads\/sites\/7\/2018\/05\/17mai2018-34-sur-35.jpg 1200w\" sizes=\"(max-width: 1024px) 100vw, 1024px\" \/><\/a>\n\t\t\t<\/dt><\/dl><dl class='gallery-item'>\n\t\t\t<dt class='gallery-icon portrait'>\n\t\t\t\t<a href='https:\/\/ee.mlfmonde.org\/stavanger-lycee-francais\/17-mai-fete-nationale-en-norvege\/17mai2018-33-sur-35\/'><img loading=\"lazy\" decoding=\"async\" width=\"682\" height=\"1024\" src=\"https:\/\/ee.mlfmonde.org\/stavanger-lycee-francais\/wp-content\/uploads\/sites\/7\/2018\/05\/17mai2018-33-sur-35-682x1024.jpg\" class=\"attachment-large size-large\" alt=\"\" srcset=\"https:\/\/ee.mlfmonde.org\/stavanger-lycee-francais\/wp-content\/uploads\/sites\/7\/2018\/05\/17mai2018-33-sur-35-682x1024.jpg 682w, https:\/\/ee.mlfmonde.org\/stavanger-lycee-francais\/wp-content\/uploads\/sites\/7\/2018\/05\/17mai2018-33-sur-35-200x300.jpg 200w, https:\/\/ee.mlfmonde.org\/stavanger-lycee-francais\/wp-content\/uploads\/sites\/7\/2018\/05\/17mai2018-33-sur-35-768x1154.jpg 768w, https:\/\/ee.mlfmonde.org\/stavanger-lycee-francais\/wp-content\/uploads\/sites\/7\/2018\/05\/17mai2018-33-sur-35.jpg 1065w\" sizes=\"(max-width: 682px) 100vw, 682px\" \/><\/a>\n\t\t\t<\/dt><\/dl><dl class='gallery-item'>\n\t\t\t<dt class='gallery-icon landscape'>\n\t\t\t\t<a href='https:\/\/ee.mlfmonde.org\/stavanger-lycee-francais\/17-mai-fete-nationale-en-norvege\/17mai2018-35-sur-35\/'><img loading=\"lazy\" decoding=\"async\" width=\"1024\" height=\"681\" src=\"https:\/\/ee.mlfmonde.org\/stavanger-lycee-francais\/wp-content\/uploads\/sites\/7\/2018\/05\/17mai2018-35-sur-35-1024x681.jpg\" class=\"attachment-large size-large\" alt=\"\" srcset=\"https:\/\/ee.mlfmonde.org\/stavanger-lycee-francais\/wp-content\/uploads\/sites\/7\/2018\/05\/17mai2018-35-sur-35-1024x681.jpg 1024w, https:\/\/ee.mlfmonde.org\/stavanger-lycee-francais\/wp-content\/uploads\/sites\/7\/2018\/05\/17mai2018-35-sur-35-300x200.jpg 300w, https:\/\/ee.mlfmonde.org\/stavanger-lycee-francais\/wp-content\/uploads\/sites\/7\/2018\/05\/17mai2018-35-sur-35-768x511.jpg 768w, https:\/\/ee.mlfmonde.org\/stavanger-lycee-francais\/wp-content\/uploads\/sites\/7\/2018\/05\/17mai2018-35-sur-35.jpg 1200w\" sizes=\"(max-width: 1024px) 100vw, 1024px\" \/><\/a>\n\t\t\t<\/dt><\/dl><br style=\"clear: both\" \/>\n\t\t<\/div>\n\n<\/div>\n","protected":false},"excerpt":{"rendered":"<p>Le 17 mai, notre \u00e9cole a d\u00e9fil\u00e9 aux c\u00f4t\u00e9s d&rsquo;Eiganes Skole et de tous les autres \u00e9tablissements de Stavanger \u00e0 l&rsquo;occasion de la f\u00eate nationale norv\u00e9gienne qui comm\u00e9more la constitution sign\u00e9e en 1814. Ce jour, nous avons donc pu admirer les costumes traditionnels des gens venus pour assister \u00e0 la parade. Ensuite, les parents ont [&hellip;]<\/p>\n","protected":false},"author":11,"featured_media":8715,"comment_status":"open","ping_status":"open","sticky":false,"template":"","format":"standard","meta":{"_acf_changed":false,"footnotes":""},"categories":[3],"tags":[],"class_list":{"0":"post-8714","1":"post","2":"type-post","3":"status-publish","4":"format-standard","5":"has-post-thumbnail","7":"category-actualites","8":"czr-hentry"},"acf":[],"_links":{"self":[{"href":"https:\/\/ee.mlfmonde.org\/stavanger-lycee-francais\/wp-json\/wp\/v2\/posts\/8714","targetHints":{"allow":["GET"]}}],"collection":[{"href":"https:\/\/ee.mlfmonde.org\/stavanger-lycee-francais\/wp-json\/wp\/v2\/posts"}],"about":[{"href":"https:\/\/ee.mlfmonde.org\/stavanger-lycee-francais\/wp-json\/wp\/v2\/types\/post"}],"author":[{"embeddable":true,"href":"https:\/\/ee.mlfmonde.org\/stavanger-lycee-francais\/wp-json\/wp\/v2\/users\/11"}],"replies":[{"embeddable":true,"href":"https:\/\/ee.mlfmonde.org\/stavanger-lycee-francais\/wp-json\/wp\/v2\/comments?post=8714"}],"version-history":[{"count":1,"href":"https:\/\/ee.mlfmonde.org\/stavanger-lycee-francais\/wp-json\/wp\/v2\/posts\/8714\/revisions"}],"predecessor-version":[{"id":8750,"href":"https:\/\/ee.mlfmonde.org\/stavanger-lycee-francais\/wp-json\/wp\/v2\/posts\/8714\/revisions\/8750"}],"wp:featuredmedia":[{"embeddable":true,"href":"https:\/\/ee.mlfmonde.org\/stavanger-lycee-francais\/wp-json\/wp\/v2\/media\/8715"}],"wp:attachment":[{"href":"https:\/\/ee.mlfmonde.org\/stavanger-lycee-francais\/wp-json\/wp\/v2\/media?parent=8714"}],"wp:term":[{"taxonomy":"category","embeddable":true,"href":"https:\/\/ee.mlfmonde.org\/stavanger-lycee-francais\/wp-json\/wp\/v2\/categories?post=8714"},{"taxonomy":"post_tag","embeddable":true,"href":"https:\/\/ee.mlfmonde.org\/stavanger-lycee-francais\/wp-json\/wp\/v2\/tags?post=8714"}],"curies":[{"name":"wp","href":"https:\/\/api.w.org\/{rel}","templated":true}]}}