{"id":8247,"date":"2018-05-06T16:18:02","date_gmt":"2018-05-06T16:18:02","guid":{"rendered":"http:\/\/ee.mlfmonde.org\/stavanger-lycee-francais\/?p=8247"},"modified":"2018-05-16T06:30:11","modified_gmt":"2018-05-16T06:30:11","slug":"1ere-rencontre-internationale-de-la-webradio","status":"publish","type":"post","link":"https:\/\/ee.mlfmonde.org\/stavanger-lycee-francais\/1ere-rencontre-internationale-de-la-webradio\/","title":{"rendered":"1\u00e8res rencontres internationales Webradio!"},"content":{"rendered":"<p><a href=\"http:\/\/ee.mlfmonde.org\/stavanger-lycee-francais\/wp-content\/uploads\/sites\/7\/2018\/05\/20180415_104146_web.jpg\"><img fetchpriority=\"high\" decoding=\"async\" class=\"aligncenter wp-image-8248 size-full\" src=\"http:\/\/ee.mlfmonde.org\/stavanger-lycee-francais\/wp-content\/uploads\/sites\/7\/2018\/05\/20180415_104146_web.jpg\" alt=\"\" width=\"1000\" height=\"563\" srcset=\"https:\/\/ee.mlfmonde.org\/stavanger-lycee-francais\/wp-content\/uploads\/sites\/7\/2018\/05\/20180415_104146_web.jpg 1000w, https:\/\/ee.mlfmonde.org\/stavanger-lycee-francais\/wp-content\/uploads\/sites\/7\/2018\/05\/20180415_104146_web-300x169.jpg 300w, https:\/\/ee.mlfmonde.org\/stavanger-lycee-francais\/wp-content\/uploads\/sites\/7\/2018\/05\/20180415_104146_web-768x432.jpg 768w\" sizes=\"(max-width: 1000px) 100vw, 1000px\" \/><\/a><\/p>\n<p>Du samedi 14 au 18 avril, Jeanne et Maximilian (\u00e9l\u00e8ves de seconde) ont eu la chance de participer aux premi\u00e8res rencontres internationales de web radio \u00e0 Deauville, regroupant 16 \u00e9l\u00e8ves issus d\u2019\u00e9tablissements de la Mission La\u00efque Fran\u00e7aise (Maroc, Liban ,New-York, Norv\u00e8ge, Espagne et Italie) et du lyc\u00e9e Gambier de Lisieux.<span id=\"more-3754\"><\/span><br \/>\nDurant le congr\u00e8s, les \u00e9l\u00e8ves sont devenus de vrais journalistes encadr\u00e9s par les professeurs et Thierry Riera, journaliste professionnel \u00e0 Radio France.<\/p>\n<p>Ils ont d\u00fb prendre contact avec leurs invit\u00e9s, les convaincre de participer aux diff\u00e9rents directs, pr\u00e9parer les questions pour les interviews, \u00e9crire leurs chroniques, animer les \u00e9missions en direct, sans oublier la technique.<\/p>\n<p>Parmi les invit\u00e9s qui sont intervenus lors des \u00e9missions, on a pu entendre Ariane Mnouchkine, metteur en sc\u00e8ne au Th\u00e9\u00e2tre du soleil qui a \u00e9chang\u00e9 avec Jeanne, Derrick Gay, consultant en diversit\u00e9, professeur \u00e0 l&rsquo;Universit\u00e9 de Pennsylvanie que Maximilian a pu interviewer et enfin Jean-Christophe Deberre directeur de la MLF\/OSUI.<\/p>\n<p>En dehors de leur participation \u00e0 la web radio qui a \u00e9t\u00e9 salu\u00e9e par tous les participants, les \u00e9l\u00e8ves ont pu visiter le m\u00e9morial de Caen et aussi lire des extraits de textes prim\u00e9s dans le cadre du concours de nouvelles.<\/p>\n<p>Tous les \u00e9l\u00e8ves ont vite tiss\u00e9 des liens forts, formant un groupe particuli\u00e8rement coop\u00e9ratif et tr\u00e8s efficace. Log\u00e9s chez des \u00e9l\u00e8ves du lyc\u00e9e Gambier, ils ont \u00e9t\u00e9 tr\u00e8s bien accueillis par les familles.<\/p>\n<p>Retour sur cette exp\u00e9rience par Maximilian et Jeanne:<\/p>\n<p><a href=\"http:\/\/ee.mlfmonde.org\/stavanger-lycee-francais\/wp-content\/uploads\/sites\/7\/2018\/05\/2018-04-17-PHOTO-00000327.jpg\"><img decoding=\"async\" class=\"alignnone wp-image-8253 size-medium\" src=\"http:\/\/ee.mlfmonde.org\/stavanger-lycee-francais\/wp-content\/uploads\/sites\/7\/2018\/05\/2018-04-17-PHOTO-00000327-300x225.jpg\" alt=\"\" width=\"300\" height=\"225\" srcset=\"https:\/\/ee.mlfmonde.org\/stavanger-lycee-francais\/wp-content\/uploads\/sites\/7\/2018\/05\/2018-04-17-PHOTO-00000327-300x225.jpg 300w, https:\/\/ee.mlfmonde.org\/stavanger-lycee-francais\/wp-content\/uploads\/sites\/7\/2018\/05\/2018-04-17-PHOTO-00000327-768x576.jpg 768w, https:\/\/ee.mlfmonde.org\/stavanger-lycee-francais\/wp-content\/uploads\/sites\/7\/2018\/05\/2018-04-17-PHOTO-00000327-1024x768.jpg 1024w, https:\/\/ee.mlfmonde.org\/stavanger-lycee-francais\/wp-content\/uploads\/sites\/7\/2018\/05\/2018-04-17-PHOTO-00000327.jpg 1600w\" sizes=\"(max-width: 300px) 100vw, 300px\" \/><\/a><\/p>\n<p><u>MAXIMILIAN:<\/u><\/p>\n<p>Cette exp\u00e9rience extraordinaire en Normandie a vraiment \u00e9t\u00e9 la meilleure rencontre qu\u2019une \u00e9cole pouvait organiser. D\u00e8s le premier jour du congr\u00e8s, nous, des \u00e9l\u00e8ves du monde entier avons d\u00fb travailler ensemble pour la Web Radio. Nous sommes tr\u00e8s vite devenus proches et m\u00eame amis. \u00c0 la fin du 5\u00e8me jour on se connaissait si bien, y compris les \u00e9l\u00e8ves de Lisieux qui nous ont accueillis, que nous \u00e9tions plusieurs \u00e0 pleurer en nous quittant. Personnellement j\u2019ai beaucoup aim\u00e9 pouvoir interviewer des personnes tr\u00e8s int\u00e9ressantes. Apr\u00e8s tout ce qu\u2019on a r\u00e9alis\u00e9 j\u2019ai gagn\u00e9 encore plus confiance en moi.<\/p>\n<p>Un grand merci \u00e0 la Mission La\u00efque Fran\u00e7aise.<\/p>\n<p>&nbsp;<\/p>\n<p><a href=\"http:\/\/ee.mlfmonde.org\/stavanger-lycee-francais\/wp-content\/uploads\/sites\/7\/2018\/05\/2018-04-16-PHOTO-00000204.jpg\"><img decoding=\"async\" class=\"alignnone wp-image-8249 size-medium\" src=\"http:\/\/ee.mlfmonde.org\/stavanger-lycee-francais\/wp-content\/uploads\/sites\/7\/2018\/05\/2018-04-16-PHOTO-00000204-300x225.jpg\" alt=\"\" width=\"300\" height=\"225\" srcset=\"https:\/\/ee.mlfmonde.org\/stavanger-lycee-francais\/wp-content\/uploads\/sites\/7\/2018\/05\/2018-04-16-PHOTO-00000204-300x225.jpg 300w, https:\/\/ee.mlfmonde.org\/stavanger-lycee-francais\/wp-content\/uploads\/sites\/7\/2018\/05\/2018-04-16-PHOTO-00000204-768x576.jpg 768w, https:\/\/ee.mlfmonde.org\/stavanger-lycee-francais\/wp-content\/uploads\/sites\/7\/2018\/05\/2018-04-16-PHOTO-00000204-1024x768.jpg 1024w, https:\/\/ee.mlfmonde.org\/stavanger-lycee-francais\/wp-content\/uploads\/sites\/7\/2018\/05\/2018-04-16-PHOTO-00000204.jpg 1600w\" sizes=\"(max-width: 300px) 100vw, 300px\" \/><\/a><\/p>\n<p><u>JEANNE<\/u>:<\/p>\n<p>Tout d\u2019abord, cette rencontre de Web Radio internationale organis\u00e9e par la mission la\u00efque fran\u00e7aise a pu me permettre \u00a0de rencontrer des personnes de pays diff\u00e9rents et ainsi de m\u2019ouvrir davantage sur le monde.<\/p>\n<p>De plus, j\u2019ai pu acqu\u00e9rir des connaissances nouvelles concernant la Web Radio et ainsi, je pourrai les transmettre \u00e0 mes camarades du Lyc\u00e9e Fran\u00e7ais de Stavanger.<\/p>\n<p>Enfin, cette exp\u00e9rience m\u2019a initi\u00e9e sur des sujets vari\u00e9s comme par exemple, le th\u00e9\u00e2tre, l\u2019accueil des enfants trasnsgenres ou encore la t\u00e9l\u00e9 pr\u00e9sence.<\/p>\n<p>Je remercie donc \u00a0profond\u00e9ment la MLF pour cette opportunit\u00e9 unique qui m\u2019a passionn\u00e9e.<\/p>\n<p><a href=\"http:\/\/ee.mlfmonde.org\/stavanger-lycee-francais\/wp-content\/uploads\/sites\/7\/2018\/05\/2018-04-17-PHOTO-00000250.jpg\"><img loading=\"lazy\" decoding=\"async\" class=\"aligncenter wp-image-8250 size-large\" src=\"http:\/\/ee.mlfmonde.org\/stavanger-lycee-francais\/wp-content\/uploads\/sites\/7\/2018\/05\/2018-04-17-PHOTO-00000250-1024x768.jpg\" alt=\"\" width=\"1024\" height=\"768\" srcset=\"https:\/\/ee.mlfmonde.org\/stavanger-lycee-francais\/wp-content\/uploads\/sites\/7\/2018\/05\/2018-04-17-PHOTO-00000250-1024x768.jpg 1024w, https:\/\/ee.mlfmonde.org\/stavanger-lycee-francais\/wp-content\/uploads\/sites\/7\/2018\/05\/2018-04-17-PHOTO-00000250-300x225.jpg 300w, https:\/\/ee.mlfmonde.org\/stavanger-lycee-francais\/wp-content\/uploads\/sites\/7\/2018\/05\/2018-04-17-PHOTO-00000250-768x576.jpg 768w, https:\/\/ee.mlfmonde.org\/stavanger-lycee-francais\/wp-content\/uploads\/sites\/7\/2018\/05\/2018-04-17-PHOTO-00000250.jpg 1600w\" sizes=\"(max-width: 1024px) 100vw, 1024px\" \/><\/a><\/p>\n<p>Pour \u00e9couter les huit \u00e9missions enregistr\u00e9es en direct et en public:<\/p>\n<p><a href=\"http:\/\/congres.mlfmonde.org\/caen-deauville2018\/webradios\/\">http:\/\/congres.mlfmonde.org\/caen-deauville2018\/webradios\/<\/a><\/p>\n<p>Vous pouvez \u00e9galement \u00e9couter les r\u00e9actions des \u00e9l\u00e8ves<\/p>\n<!--[if lt IE 9]><script>document.createElement('audio');<\/script><![endif]-->\n<audio class=\"wp-audio-shortcode\" id=\"audio-8247-1\" preload=\"none\" style=\"width: 100%;\" controls=\"controls\"><source type=\"audio\/mpeg\" src=\"http:\/\/ee.mlfmonde.org\/stavanger-lycee-francais\/wp-content\/uploads\/sites\/7\/2018\/05\/Ele\u0300ves-359.mp3?_=1\" \/><a href=\"http:\/\/ee.mlfmonde.org\/stavanger-lycee-francais\/wp-content\/uploads\/sites\/7\/2018\/05\/Ele\u0300ves-359.mp3\">http:\/\/ee.mlfmonde.org\/stavanger-lycee-francais\/wp-content\/uploads\/sites\/7\/2018\/05\/Ele\u0300ves-359.mp3<\/a><\/audio>\n<p>&nbsp;<\/p>\n<p>et de quelques enseignants<\/p>\n<audio class=\"wp-audio-shortcode\" id=\"audio-8247-2\" preload=\"none\" style=\"width: 100%;\" controls=\"controls\"><source type=\"audio\/mpeg\" src=\"http:\/\/ee.mlfmonde.org\/stavanger-lycee-francais\/wp-content\/uploads\/sites\/7\/2018\/05\/Profs-238.mp3?_=2\" \/><a href=\"http:\/\/ee.mlfmonde.org\/stavanger-lycee-francais\/wp-content\/uploads\/sites\/7\/2018\/05\/Profs-238.mp3\">http:\/\/ee.mlfmonde.org\/stavanger-lycee-francais\/wp-content\/uploads\/sites\/7\/2018\/05\/Profs-238.mp3<\/a><\/audio>\n<p>&nbsp;<\/p>\n<p>Article sur le site de la MLF:<\/p>\n<p><a href=\"http:\/\/www.mlfmonde.org\/rencontres-internationales-de-la-webradio-scolaire-a-deauville\/\" target=\"_blank\" rel=\"noopener\">http:\/\/www.mlfmonde.org\/rencontres-internationales-de-la-webradio-scolaire-a-deauville\/<\/a><\/p>\n<p>&nbsp;<\/p>\n\n\t\t<style type=\"text\/css\">\n\t\t\t#gallery-1 {\n\t\t\t\tmargin: auto;\n\t\t\t}\n\t\t\t#gallery-1 .gallery-item {\n\t\t\t\tfloat: left;\n\t\t\t\tmargin-top: 10px;\n\t\t\t\ttext-align: center;\n\t\t\t\twidth: 33%;\n\t\t\t}\n\t\t\t#gallery-1 img {\n\t\t\t\tborder: 2px solid #cfcfcf;\n\t\t\t}\n\t\t\t#gallery-1 .gallery-caption {\n\t\t\t\tmargin-left: 0;\n\t\t\t}\n\t\t\t\/* see gallery_shortcode() in wp-includes\/media.php *\/\n\t\t<\/style>\n\t\t<div id='gallery-1' class='gallery galleryid-8247 gallery-columns-3 gallery-size-large'><dl class='gallery-item'>\n\t\t\t<dt class='gallery-icon landscape'>\n\t\t\t\t<a href='https:\/\/ee.mlfmonde.org\/stavanger-lycee-francais\/1ere-rencontre-internationale-de-la-webradio\/2018-04-16-photo-00000204\/'><img loading=\"lazy\" decoding=\"async\" width=\"1024\" height=\"768\" src=\"https:\/\/ee.mlfmonde.org\/stavanger-lycee-francais\/wp-content\/uploads\/sites\/7\/2018\/05\/2018-04-16-PHOTO-00000204-1024x768.jpg\" class=\"attachment-large size-large\" alt=\"\" srcset=\"https:\/\/ee.mlfmonde.org\/stavanger-lycee-francais\/wp-content\/uploads\/sites\/7\/2018\/05\/2018-04-16-PHOTO-00000204-1024x768.jpg 1024w, https:\/\/ee.mlfmonde.org\/stavanger-lycee-francais\/wp-content\/uploads\/sites\/7\/2018\/05\/2018-04-16-PHOTO-00000204-300x225.jpg 300w, https:\/\/ee.mlfmonde.org\/stavanger-lycee-francais\/wp-content\/uploads\/sites\/7\/2018\/05\/2018-04-16-PHOTO-00000204-768x576.jpg 768w, https:\/\/ee.mlfmonde.org\/stavanger-lycee-francais\/wp-content\/uploads\/sites\/7\/2018\/05\/2018-04-16-PHOTO-00000204.jpg 1600w\" sizes=\"(max-width: 1024px) 100vw, 1024px\" \/><\/a>\n\t\t\t<\/dt><\/dl><dl class='gallery-item'>\n\t\t\t<dt class='gallery-icon landscape'>\n\t\t\t\t<a href='https:\/\/ee.mlfmonde.org\/stavanger-lycee-francais\/1ere-rencontre-internationale-de-la-webradio\/img_0501-3\/'><img loading=\"lazy\" decoding=\"async\" width=\"1024\" height=\"768\" src=\"https:\/\/ee.mlfmonde.org\/stavanger-lycee-francais\/wp-content\/uploads\/sites\/7\/2018\/05\/IMG_0501-1024x768.jpg\" class=\"attachment-large size-large\" alt=\"\" srcset=\"https:\/\/ee.mlfmonde.org\/stavanger-lycee-francais\/wp-content\/uploads\/sites\/7\/2018\/05\/IMG_0501-1024x768.jpg 1024w, https:\/\/ee.mlfmonde.org\/stavanger-lycee-francais\/wp-content\/uploads\/sites\/7\/2018\/05\/IMG_0501-300x225.jpg 300w, https:\/\/ee.mlfmonde.org\/stavanger-lycee-francais\/wp-content\/uploads\/sites\/7\/2018\/05\/IMG_0501-768x576.jpg 768w\" sizes=\"(max-width: 1024px) 100vw, 1024px\" \/><\/a>\n\t\t\t<\/dt><\/dl><dl class='gallery-item'>\n\t\t\t<dt class='gallery-icon landscape'>\n\t\t\t\t<a href='https:\/\/ee.mlfmonde.org\/stavanger-lycee-francais\/1ere-rencontre-internationale-de-la-webradio\/2018-04-17-photo-00000274\/'><img loading=\"lazy\" decoding=\"async\" width=\"1024\" height=\"768\" src=\"https:\/\/ee.mlfmonde.org\/stavanger-lycee-francais\/wp-content\/uploads\/sites\/7\/2018\/05\/2018-04-17-PHOTO-00000274-1024x768.jpg\" class=\"attachment-large size-large\" alt=\"\" srcset=\"https:\/\/ee.mlfmonde.org\/stavanger-lycee-francais\/wp-content\/uploads\/sites\/7\/2018\/05\/2018-04-17-PHOTO-00000274-1024x768.jpg 1024w, https:\/\/ee.mlfmonde.org\/stavanger-lycee-francais\/wp-content\/uploads\/sites\/7\/2018\/05\/2018-04-17-PHOTO-00000274-300x225.jpg 300w, https:\/\/ee.mlfmonde.org\/stavanger-lycee-francais\/wp-content\/uploads\/sites\/7\/2018\/05\/2018-04-17-PHOTO-00000274-768x576.jpg 768w, https:\/\/ee.mlfmonde.org\/stavanger-lycee-francais\/wp-content\/uploads\/sites\/7\/2018\/05\/2018-04-17-PHOTO-00000274.jpg 1280w\" sizes=\"(max-width: 1024px) 100vw, 1024px\" \/><\/a>\n\t\t\t<\/dt><\/dl><br style=\"clear: both\" \/><dl class='gallery-item'>\n\t\t\t<dt class='gallery-icon portrait'>\n\t\t\t\t<a href='https:\/\/ee.mlfmonde.org\/stavanger-lycee-francais\/1ere-rencontre-internationale-de-la-webradio\/img_9074\/'><img loading=\"lazy\" decoding=\"async\" width=\"768\" height=\"1024\" src=\"https:\/\/ee.mlfmonde.org\/stavanger-lycee-francais\/wp-content\/uploads\/sites\/7\/2018\/05\/IMG_9074-e1525623293767-768x1024.jpg\" class=\"attachment-large size-large\" alt=\"\" srcset=\"https:\/\/ee.mlfmonde.org\/stavanger-lycee-francais\/wp-content\/uploads\/sites\/7\/2018\/05\/IMG_9074-e1525623293767-768x1024.jpg 768w, https:\/\/ee.mlfmonde.org\/stavanger-lycee-francais\/wp-content\/uploads\/sites\/7\/2018\/05\/IMG_9074-e1525623293767-225x300.jpg 225w\" sizes=\"(max-width: 768px) 100vw, 768px\" \/><\/a>\n\t\t\t<\/dt><\/dl><dl class='gallery-item'>\n\t\t\t<dt class='gallery-icon portrait'>\n\t\t\t\t<a href='https:\/\/ee.mlfmonde.org\/stavanger-lycee-francais\/1ere-rencontre-internationale-de-la-webradio\/2018-04-17-photo-00000328\/'><img loading=\"lazy\" decoding=\"async\" width=\"768\" height=\"1024\" src=\"https:\/\/ee.mlfmonde.org\/stavanger-lycee-francais\/wp-content\/uploads\/sites\/7\/2018\/05\/2018-04-17-PHOTO-00000328-768x1024.jpg\" class=\"attachment-large size-large\" alt=\"\" srcset=\"https:\/\/ee.mlfmonde.org\/stavanger-lycee-francais\/wp-content\/uploads\/sites\/7\/2018\/05\/2018-04-17-PHOTO-00000328-768x1024.jpg 768w, https:\/\/ee.mlfmonde.org\/stavanger-lycee-francais\/wp-content\/uploads\/sites\/7\/2018\/05\/2018-04-17-PHOTO-00000328-225x300.jpg 225w, https:\/\/ee.mlfmonde.org\/stavanger-lycee-francais\/wp-content\/uploads\/sites\/7\/2018\/05\/2018-04-17-PHOTO-00000328.jpg 1200w\" sizes=\"(max-width: 768px) 100vw, 768px\" \/><\/a>\n\t\t\t<\/dt><\/dl><dl class='gallery-item'>\n\t\t\t<dt class='gallery-icon portrait'>\n\t\t\t\t<a href='https:\/\/ee.mlfmonde.org\/stavanger-lycee-francais\/1ere-rencontre-internationale-de-la-webradio\/2018-04-17-photo-00000331\/'><img loading=\"lazy\" decoding=\"async\" width=\"768\" height=\"1024\" src=\"https:\/\/ee.mlfmonde.org\/stavanger-lycee-francais\/wp-content\/uploads\/sites\/7\/2018\/05\/2018-04-17-PHOTO-00000331-768x1024.jpg\" class=\"attachment-large size-large\" alt=\"\" srcset=\"https:\/\/ee.mlfmonde.org\/stavanger-lycee-francais\/wp-content\/uploads\/sites\/7\/2018\/05\/2018-04-17-PHOTO-00000331-768x1024.jpg 768w, https:\/\/ee.mlfmonde.org\/stavanger-lycee-francais\/wp-content\/uploads\/sites\/7\/2018\/05\/2018-04-17-PHOTO-00000331-225x300.jpg 225w, https:\/\/ee.mlfmonde.org\/stavanger-lycee-francais\/wp-content\/uploads\/sites\/7\/2018\/05\/2018-04-17-PHOTO-00000331.jpg 1200w\" sizes=\"(max-width: 768px) 100vw, 768px\" \/><\/a>\n\t\t\t<\/dt><\/dl><br style=\"clear: both\" \/><dl class='gallery-item'>\n\t\t\t<dt class='gallery-icon landscape'>\n\t\t\t\t<a href='https:\/\/ee.mlfmonde.org\/stavanger-lycee-francais\/1ere-rencontre-internationale-de-la-webradio\/2018-04-17-photo-00000327\/'><img loading=\"lazy\" decoding=\"async\" width=\"1024\" height=\"768\" src=\"https:\/\/ee.mlfmonde.org\/stavanger-lycee-francais\/wp-content\/uploads\/sites\/7\/2018\/05\/2018-04-17-PHOTO-00000327-1024x768.jpg\" class=\"attachment-large size-large\" alt=\"\" srcset=\"https:\/\/ee.mlfmonde.org\/stavanger-lycee-francais\/wp-content\/uploads\/sites\/7\/2018\/05\/2018-04-17-PHOTO-00000327-1024x768.jpg 1024w, https:\/\/ee.mlfmonde.org\/stavanger-lycee-francais\/wp-content\/uploads\/sites\/7\/2018\/05\/2018-04-17-PHOTO-00000327-300x225.jpg 300w, https:\/\/ee.mlfmonde.org\/stavanger-lycee-francais\/wp-content\/uploads\/sites\/7\/2018\/05\/2018-04-17-PHOTO-00000327-768x576.jpg 768w, https:\/\/ee.mlfmonde.org\/stavanger-lycee-francais\/wp-content\/uploads\/sites\/7\/2018\/05\/2018-04-17-PHOTO-00000327.jpg 1600w\" sizes=\"(max-width: 1024px) 100vw, 1024px\" \/><\/a>\n\t\t\t<\/dt><\/dl><dl class='gallery-item'>\n\t\t\t<dt class='gallery-icon landscape'>\n\t\t\t\t<a href='https:\/\/ee.mlfmonde.org\/stavanger-lycee-francais\/1ere-rencontre-internationale-de-la-webradio\/img_8962\/'><img loading=\"lazy\" decoding=\"async\" width=\"1024\" height=\"768\" src=\"https:\/\/ee.mlfmonde.org\/stavanger-lycee-francais\/wp-content\/uploads\/sites\/7\/2018\/05\/IMG_8962-1024x768.jpg\" class=\"attachment-large size-large\" alt=\"\" srcset=\"https:\/\/ee.mlfmonde.org\/stavanger-lycee-francais\/wp-content\/uploads\/sites\/7\/2018\/05\/IMG_8962-1024x768.jpg 1024w, https:\/\/ee.mlfmonde.org\/stavanger-lycee-francais\/wp-content\/uploads\/sites\/7\/2018\/05\/IMG_8962-300x225.jpg 300w, https:\/\/ee.mlfmonde.org\/stavanger-lycee-francais\/wp-content\/uploads\/sites\/7\/2018\/05\/IMG_8962-768x576.jpg 768w\" sizes=\"(max-width: 1024px) 100vw, 1024px\" \/><\/a>\n\t\t\t<\/dt><\/dl><dl class='gallery-item'>\n\t\t\t<dt class='gallery-icon landscape'>\n\t\t\t\t<a href='https:\/\/ee.mlfmonde.org\/stavanger-lycee-francais\/1ere-rencontre-internationale-de-la-webradio\/2018-04-17-photo-00000250\/'><img loading=\"lazy\" decoding=\"async\" width=\"1024\" height=\"768\" src=\"https:\/\/ee.mlfmonde.org\/stavanger-lycee-francais\/wp-content\/uploads\/sites\/7\/2018\/05\/2018-04-17-PHOTO-00000250-1024x768.jpg\" class=\"attachment-large size-large\" alt=\"\" srcset=\"https:\/\/ee.mlfmonde.org\/stavanger-lycee-francais\/wp-content\/uploads\/sites\/7\/2018\/05\/2018-04-17-PHOTO-00000250-1024x768.jpg 1024w, https:\/\/ee.mlfmonde.org\/stavanger-lycee-francais\/wp-content\/uploads\/sites\/7\/2018\/05\/2018-04-17-PHOTO-00000250-300x225.jpg 300w, https:\/\/ee.mlfmonde.org\/stavanger-lycee-francais\/wp-content\/uploads\/sites\/7\/2018\/05\/2018-04-17-PHOTO-00000250-768x576.jpg 768w, https:\/\/ee.mlfmonde.org\/stavanger-lycee-francais\/wp-content\/uploads\/sites\/7\/2018\/05\/2018-04-17-PHOTO-00000250.jpg 1600w\" sizes=\"(max-width: 1024px) 100vw, 1024px\" \/><\/a>\n\t\t\t<\/dt><\/dl><br style=\"clear: both\" \/><dl class='gallery-item'>\n\t\t\t<dt class='gallery-icon portrait'>\n\t\t\t\t<a href='https:\/\/ee.mlfmonde.org\/stavanger-lycee-francais\/1ere-rencontre-internationale-de-la-webradio\/img_8972\/'><img loading=\"lazy\" decoding=\"async\" width=\"768\" height=\"1024\" src=\"https:\/\/ee.mlfmonde.org\/stavanger-lycee-francais\/wp-content\/uploads\/sites\/7\/2018\/05\/IMG_8972-e1525623268269-768x1024.jpg\" class=\"attachment-large size-large\" alt=\"\" srcset=\"https:\/\/ee.mlfmonde.org\/stavanger-lycee-francais\/wp-content\/uploads\/sites\/7\/2018\/05\/IMG_8972-e1525623268269-768x1024.jpg 768w, https:\/\/ee.mlfmonde.org\/stavanger-lycee-francais\/wp-content\/uploads\/sites\/7\/2018\/05\/IMG_8972-e1525623268269-225x300.jpg 225w\" sizes=\"(max-width: 768px) 100vw, 768px\" \/><\/a>\n\t\t\t<\/dt><\/dl><dl class='gallery-item'>\n\t\t\t<dt class='gallery-icon landscape'>\n\t\t\t\t<a href='https:\/\/ee.mlfmonde.org\/stavanger-lycee-francais\/1ere-rencontre-internationale-de-la-webradio\/img_8964\/'><img loading=\"lazy\" decoding=\"async\" width=\"1024\" height=\"768\" src=\"https:\/\/ee.mlfmonde.org\/stavanger-lycee-francais\/wp-content\/uploads\/sites\/7\/2018\/05\/IMG_8964-1024x768.jpg\" class=\"attachment-large size-large\" alt=\"\" srcset=\"https:\/\/ee.mlfmonde.org\/stavanger-lycee-francais\/wp-content\/uploads\/sites\/7\/2018\/05\/IMG_8964-1024x768.jpg 1024w, https:\/\/ee.mlfmonde.org\/stavanger-lycee-francais\/wp-content\/uploads\/sites\/7\/2018\/05\/IMG_8964-300x225.jpg 300w, https:\/\/ee.mlfmonde.org\/stavanger-lycee-francais\/wp-content\/uploads\/sites\/7\/2018\/05\/IMG_8964-768x576.jpg 768w\" sizes=\"(max-width: 1024px) 100vw, 1024px\" \/><\/a>\n\t\t\t<\/dt><\/dl><dl class='gallery-item'>\n\t\t\t<dt class='gallery-icon portrait'>\n\t\t\t\t<a href='https:\/\/ee.mlfmonde.org\/stavanger-lycee-francais\/1ere-rencontre-internationale-de-la-webradio\/img_8974\/'><img loading=\"lazy\" decoding=\"async\" width=\"768\" height=\"1024\" src=\"https:\/\/ee.mlfmonde.org\/stavanger-lycee-francais\/wp-content\/uploads\/sites\/7\/2018\/05\/IMG_8974-e1525623276110-768x1024.jpg\" class=\"attachment-large size-large\" alt=\"\" srcset=\"https:\/\/ee.mlfmonde.org\/stavanger-lycee-francais\/wp-content\/uploads\/sites\/7\/2018\/05\/IMG_8974-e1525623276110-768x1024.jpg 768w, https:\/\/ee.mlfmonde.org\/stavanger-lycee-francais\/wp-content\/uploads\/sites\/7\/2018\/05\/IMG_8974-e1525623276110-225x300.jpg 225w\" sizes=\"(max-width: 768px) 100vw, 768px\" \/><\/a>\n\t\t\t<\/dt><\/dl><br style=\"clear: both\" \/><dl class='gallery-item'>\n\t\t\t<dt class='gallery-icon landscape'>\n\t\t\t\t<a href='https:\/\/ee.mlfmonde.org\/stavanger-lycee-francais\/1ere-rencontre-internationale-de-la-webradio\/img_9256\/'><img loading=\"lazy\" decoding=\"async\" width=\"1024\" height=\"768\" src=\"https:\/\/ee.mlfmonde.org\/stavanger-lycee-francais\/wp-content\/uploads\/sites\/7\/2018\/05\/IMG_9256-1024x768.jpg\" class=\"attachment-large size-large\" alt=\"\" srcset=\"https:\/\/ee.mlfmonde.org\/stavanger-lycee-francais\/wp-content\/uploads\/sites\/7\/2018\/05\/IMG_9256-1024x768.jpg 1024w, https:\/\/ee.mlfmonde.org\/stavanger-lycee-francais\/wp-content\/uploads\/sites\/7\/2018\/05\/IMG_9256-300x225.jpg 300w, https:\/\/ee.mlfmonde.org\/stavanger-lycee-francais\/wp-content\/uploads\/sites\/7\/2018\/05\/IMG_9256-768x576.jpg 768w\" sizes=\"(max-width: 1024px) 100vw, 1024px\" \/><\/a>\n\t\t\t<\/dt><\/dl><dl class='gallery-item'>\n\t\t\t<dt class='gallery-icon landscape'>\n\t\t\t\t<a href='https:\/\/ee.mlfmonde.org\/stavanger-lycee-francais\/1ere-rencontre-internationale-de-la-webradio\/img_9024\/'><img loading=\"lazy\" decoding=\"async\" width=\"1024\" height=\"768\" src=\"https:\/\/ee.mlfmonde.org\/stavanger-lycee-francais\/wp-content\/uploads\/sites\/7\/2018\/05\/IMG_9024-1024x768.jpg\" class=\"attachment-large size-large\" alt=\"\" srcset=\"https:\/\/ee.mlfmonde.org\/stavanger-lycee-francais\/wp-content\/uploads\/sites\/7\/2018\/05\/IMG_9024-1024x768.jpg 1024w, https:\/\/ee.mlfmonde.org\/stavanger-lycee-francais\/wp-content\/uploads\/sites\/7\/2018\/05\/IMG_9024-300x225.jpg 300w, https:\/\/ee.mlfmonde.org\/stavanger-lycee-francais\/wp-content\/uploads\/sites\/7\/2018\/05\/IMG_9024-768x576.jpg 768w\" sizes=\"(max-width: 1024px) 100vw, 1024px\" \/><\/a>\n\t\t\t<\/dt><\/dl><dl class='gallery-item'>\n\t\t\t<dt class='gallery-icon landscape'>\n\t\t\t\t<a href='https:\/\/ee.mlfmonde.org\/stavanger-lycee-francais\/1ere-rencontre-internationale-de-la-webradio\/img_9064-2\/'><img loading=\"lazy\" decoding=\"async\" width=\"1024\" height=\"768\" src=\"https:\/\/ee.mlfmonde.org\/stavanger-lycee-francais\/wp-content\/uploads\/sites\/7\/2018\/05\/IMG_9064-1024x768.jpg\" class=\"attachment-large size-large\" alt=\"\" srcset=\"https:\/\/ee.mlfmonde.org\/stavanger-lycee-francais\/wp-content\/uploads\/sites\/7\/2018\/05\/IMG_9064-1024x768.jpg 1024w, https:\/\/ee.mlfmonde.org\/stavanger-lycee-francais\/wp-content\/uploads\/sites\/7\/2018\/05\/IMG_9064-300x225.jpg 300w, https:\/\/ee.mlfmonde.org\/stavanger-lycee-francais\/wp-content\/uploads\/sites\/7\/2018\/05\/IMG_9064-768x576.jpg 768w\" sizes=\"(max-width: 1024px) 100vw, 1024px\" \/><\/a>\n\t\t\t<\/dt><\/dl><br style=\"clear: both\" \/><dl class='gallery-item'>\n\t\t\t<dt class='gallery-icon landscape'>\n\t\t\t\t<a href='https:\/\/ee.mlfmonde.org\/stavanger-lycee-francais\/1ere-rencontre-internationale-de-la-webradio\/img_9119\/'><img loading=\"lazy\" decoding=\"async\" width=\"1024\" height=\"768\" src=\"https:\/\/ee.mlfmonde.org\/stavanger-lycee-francais\/wp-content\/uploads\/sites\/7\/2018\/05\/IMG_9119-e1525623285220-1024x768.jpg\" class=\"attachment-large size-large\" alt=\"\" srcset=\"https:\/\/ee.mlfmonde.org\/stavanger-lycee-francais\/wp-content\/uploads\/sites\/7\/2018\/05\/IMG_9119-e1525623285220-1024x768.jpg 1024w, https:\/\/ee.mlfmonde.org\/stavanger-lycee-francais\/wp-content\/uploads\/sites\/7\/2018\/05\/IMG_9119-e1525623285220-300x225.jpg 300w, https:\/\/ee.mlfmonde.org\/stavanger-lycee-francais\/wp-content\/uploads\/sites\/7\/2018\/05\/IMG_9119-e1525623285220-768x576.jpg 768w\" sizes=\"(max-width: 1024px) 100vw, 1024px\" \/><\/a>\n\t\t\t<\/dt><\/dl><dl class='gallery-item'>\n\t\t\t<dt class='gallery-icon landscape'>\n\t\t\t\t<a href='https:\/\/ee.mlfmonde.org\/stavanger-lycee-francais\/1ere-rencontre-internationale-de-la-webradio\/2018-04-18-photo-00000352\/'><img loading=\"lazy\" decoding=\"async\" width=\"1024\" height=\"1007\" src=\"https:\/\/ee.mlfmonde.org\/stavanger-lycee-francais\/wp-content\/uploads\/sites\/7\/2018\/05\/2018-04-18-PHOTO-00000352-1024x1007.jpg\" class=\"attachment-large size-large\" alt=\"\" srcset=\"https:\/\/ee.mlfmonde.org\/stavanger-lycee-francais\/wp-content\/uploads\/sites\/7\/2018\/05\/2018-04-18-PHOTO-00000352-1024x1007.jpg 1024w, https:\/\/ee.mlfmonde.org\/stavanger-lycee-francais\/wp-content\/uploads\/sites\/7\/2018\/05\/2018-04-18-PHOTO-00000352-300x295.jpg 300w, https:\/\/ee.mlfmonde.org\/stavanger-lycee-francais\/wp-content\/uploads\/sites\/7\/2018\/05\/2018-04-18-PHOTO-00000352-768x756.jpg 768w, https:\/\/ee.mlfmonde.org\/stavanger-lycee-francais\/wp-content\/uploads\/sites\/7\/2018\/05\/2018-04-18-PHOTO-00000352.jpg 1600w\" sizes=\"(max-width: 1024px) 100vw, 1024px\" \/><\/a>\n\t\t\t<\/dt><\/dl><dl class='gallery-item'>\n\t\t\t<dt class='gallery-icon landscape'>\n\t\t\t\t<a href='https:\/\/ee.mlfmonde.org\/stavanger-lycee-francais\/1ere-rencontre-internationale-de-la-webradio\/img_9041-2\/'><img loading=\"lazy\" decoding=\"async\" width=\"1024\" height=\"768\" src=\"https:\/\/ee.mlfmonde.org\/stavanger-lycee-francais\/wp-content\/uploads\/sites\/7\/2018\/05\/IMG_9041-1024x768.jpg\" class=\"attachment-large size-large\" alt=\"\" srcset=\"https:\/\/ee.mlfmonde.org\/stavanger-lycee-francais\/wp-content\/uploads\/sites\/7\/2018\/05\/IMG_9041-1024x768.jpg 1024w, https:\/\/ee.mlfmonde.org\/stavanger-lycee-francais\/wp-content\/uploads\/sites\/7\/2018\/05\/IMG_9041-300x225.jpg 300w, https:\/\/ee.mlfmonde.org\/stavanger-lycee-francais\/wp-content\/uploads\/sites\/7\/2018\/05\/IMG_9041-768x576.jpg 768w\" sizes=\"(max-width: 1024px) 100vw, 1024px\" \/><\/a>\n\t\t\t<\/dt><\/dl><br style=\"clear: both\" \/><dl class='gallery-item'>\n\t\t\t<dt class='gallery-icon landscape'>\n\t\t\t\t<a href='https:\/\/ee.mlfmonde.org\/stavanger-lycee-francais\/1ere-rencontre-internationale-de-la-webradio\/img_9272\/'><img loading=\"lazy\" decoding=\"async\" width=\"1024\" height=\"768\" src=\"https:\/\/ee.mlfmonde.org\/stavanger-lycee-francais\/wp-content\/uploads\/sites\/7\/2018\/05\/IMG_9272-1024x768.jpg\" class=\"attachment-large size-large\" alt=\"\" srcset=\"https:\/\/ee.mlfmonde.org\/stavanger-lycee-francais\/wp-content\/uploads\/sites\/7\/2018\/05\/IMG_9272-1024x768.jpg 1024w, https:\/\/ee.mlfmonde.org\/stavanger-lycee-francais\/wp-content\/uploads\/sites\/7\/2018\/05\/IMG_9272-300x225.jpg 300w, https:\/\/ee.mlfmonde.org\/stavanger-lycee-francais\/wp-content\/uploads\/sites\/7\/2018\/05\/IMG_9272-768x576.jpg 768w\" sizes=\"(max-width: 1024px) 100vw, 1024px\" \/><\/a>\n\t\t\t<\/dt><\/dl><dl class='gallery-item'>\n\t\t\t<dt class='gallery-icon landscape'>\n\t\t\t\t<a href='https:\/\/ee.mlfmonde.org\/stavanger-lycee-francais\/1ere-rencontre-internationale-de-la-webradio\/img_8988\/'><img loading=\"lazy\" decoding=\"async\" width=\"1024\" height=\"768\" src=\"https:\/\/ee.mlfmonde.org\/stavanger-lycee-francais\/wp-content\/uploads\/sites\/7\/2018\/05\/IMG_8988-1024x768.jpg\" class=\"attachment-large size-large\" alt=\"\" srcset=\"https:\/\/ee.mlfmonde.org\/stavanger-lycee-francais\/wp-content\/uploads\/sites\/7\/2018\/05\/IMG_8988-1024x768.jpg 1024w, https:\/\/ee.mlfmonde.org\/stavanger-lycee-francais\/wp-content\/uploads\/sites\/7\/2018\/05\/IMG_8988-300x225.jpg 300w, https:\/\/ee.mlfmonde.org\/stavanger-lycee-francais\/wp-content\/uploads\/sites\/7\/2018\/05\/IMG_8988-768x576.jpg 768w\" sizes=\"(max-width: 1024px) 100vw, 1024px\" \/><\/a>\n\t\t\t<\/dt><\/dl><dl class='gallery-item'>\n\t\t\t<dt class='gallery-icon landscape'>\n\t\t\t\t<a href='https:\/\/ee.mlfmonde.org\/stavanger-lycee-francais\/1ere-rencontre-internationale-de-la-webradio\/img_8990\/'><img loading=\"lazy\" decoding=\"async\" width=\"1024\" height=\"768\" src=\"https:\/\/ee.mlfmonde.org\/stavanger-lycee-francais\/wp-content\/uploads\/sites\/7\/2018\/05\/IMG_8990-1024x768.jpg\" class=\"attachment-large size-large\" alt=\"\" srcset=\"https:\/\/ee.mlfmonde.org\/stavanger-lycee-francais\/wp-content\/uploads\/sites\/7\/2018\/05\/IMG_8990-1024x768.jpg 1024w, https:\/\/ee.mlfmonde.org\/stavanger-lycee-francais\/wp-content\/uploads\/sites\/7\/2018\/05\/IMG_8990-300x225.jpg 300w, https:\/\/ee.mlfmonde.org\/stavanger-lycee-francais\/wp-content\/uploads\/sites\/7\/2018\/05\/IMG_8990-768x576.jpg 768w\" sizes=\"(max-width: 1024px) 100vw, 1024px\" \/><\/a>\n\t\t\t<\/dt><\/dl><br style=\"clear: both\" \/><dl class='gallery-item'>\n\t\t\t<dt class='gallery-icon landscape'>\n\t\t\t\t<a href='https:\/\/ee.mlfmonde.org\/stavanger-lycee-francais\/1ere-rencontre-internationale-de-la-webradio\/img_9031-2\/'><img loading=\"lazy\" decoding=\"async\" width=\"1024\" height=\"768\" src=\"https:\/\/ee.mlfmonde.org\/stavanger-lycee-francais\/wp-content\/uploads\/sites\/7\/2018\/05\/IMG_9031-1024x768.jpg\" class=\"attachment-large size-large\" alt=\"\" srcset=\"https:\/\/ee.mlfmonde.org\/stavanger-lycee-francais\/wp-content\/uploads\/sites\/7\/2018\/05\/IMG_9031-1024x768.jpg 1024w, https:\/\/ee.mlfmonde.org\/stavanger-lycee-francais\/wp-content\/uploads\/sites\/7\/2018\/05\/IMG_9031-300x225.jpg 300w, https:\/\/ee.mlfmonde.org\/stavanger-lycee-francais\/wp-content\/uploads\/sites\/7\/2018\/05\/IMG_9031-768x576.jpg 768w\" sizes=\"(max-width: 1024px) 100vw, 1024px\" \/><\/a>\n\t\t\t<\/dt><\/dl>\n\t\t\t<br style='clear: both' \/>\n\t\t<\/div>\n\n","protected":false},"excerpt":{"rendered":"<p>Du samedi 14 au 18 avril, Jeanne et Maximilian (\u00e9l\u00e8ves de seconde) ont eu la chance de participer aux premi\u00e8res rencontres internationales de web radio \u00e0 Deauville, regroupant 16 \u00e9l\u00e8ves issus d\u2019\u00e9tablissements de la Mission La\u00efque Fran\u00e7aise (Maroc, Liban ,New-York, Norv\u00e8ge, Espagne et Italie) et du lyc\u00e9e Gambier de Lisieux. Durant le congr\u00e8s, les \u00e9l\u00e8ves [&hellip;]<\/p>\n","protected":false},"author":11,"featured_media":8248,"comment_status":"open","ping_status":"open","sticky":false,"template":"","format":"standard","meta":{"_acf_changed":false,"footnotes":""},"categories":[3],"tags":[],"class_list":{"0":"post-8247","1":"post","2":"type-post","3":"status-publish","4":"format-standard","5":"has-post-thumbnail","7":"category-actualites","8":"czr-hentry"},"acf":[],"_links":{"self":[{"href":"https:\/\/ee.mlfmonde.org\/stavanger-lycee-francais\/wp-json\/wp\/v2\/posts\/8247","targetHints":{"allow":["GET"]}}],"collection":[{"href":"https:\/\/ee.mlfmonde.org\/stavanger-lycee-francais\/wp-json\/wp\/v2\/posts"}],"about":[{"href":"https:\/\/ee.mlfmonde.org\/stavanger-lycee-francais\/wp-json\/wp\/v2\/types\/post"}],"author":[{"embeddable":true,"href":"https:\/\/ee.mlfmonde.org\/stavanger-lycee-francais\/wp-json\/wp\/v2\/users\/11"}],"replies":[{"embeddable":true,"href":"https:\/\/ee.mlfmonde.org\/stavanger-lycee-francais\/wp-json\/wp\/v2\/comments?post=8247"}],"version-history":[{"count":20,"href":"https:\/\/ee.mlfmonde.org\/stavanger-lycee-francais\/wp-json\/wp\/v2\/posts\/8247\/revisions"}],"predecessor-version":[{"id":8523,"href":"https:\/\/ee.mlfmonde.org\/stavanger-lycee-francais\/wp-json\/wp\/v2\/posts\/8247\/revisions\/8523"}],"wp:featuredmedia":[{"embeddable":true,"href":"https:\/\/ee.mlfmonde.org\/stavanger-lycee-francais\/wp-json\/wp\/v2\/media\/8248"}],"wp:attachment":[{"href":"https:\/\/ee.mlfmonde.org\/stavanger-lycee-francais\/wp-json\/wp\/v2\/media?parent=8247"}],"wp:term":[{"taxonomy":"category","embeddable":true,"href":"https:\/\/ee.mlfmonde.org\/stavanger-lycee-francais\/wp-json\/wp\/v2\/categories?post=8247"},{"taxonomy":"post_tag","embeddable":true,"href":"https:\/\/ee.mlfmonde.org\/stavanger-lycee-francais\/wp-json\/wp\/v2\/tags?post=8247"}],"curies":[{"name":"wp","href":"https:\/\/api.w.org\/{rel}","templated":true}]}}