{"id":4951,"date":"2020-11-09T13:15:51","date_gmt":"2020-11-09T11:15:51","guid":{"rendered":"http:\/\/ee.mlfmonde.org\/rauma-areva\/?p=4951"},"modified":"2020-11-11T10:26:15","modified_gmt":"2020-11-11T08:26:15","slug":"sortie-observation-des-oiseaux","status":"publish","type":"post","link":"https:\/\/ee.mlfmonde.org\/rauma-areva\/sortie-observation-des-oiseaux\/","title":{"rendered":"Sortie observation des oiseaux"},"content":{"rendered":"<div id=\":qg\" class=\"ii gt\">\n<div id=\":qf\" class=\"a3s aiL \">\n<div dir=\"auto\">\n<div dir=\"auto\">Aujourd&rsquo;hui, les \u00e9l\u00e8ves de Ce2-Cm1 et Cm2 se sont rendus dans les jardins de l&rsquo;Universit\u00e9 pr\u00e8s de l&rsquo;\u00e9cole pour une observation dans leur milieu naturel des oiseaux mais aussi des \u00e9cureuils \u00e0 l&rsquo;aide de jumelles et d&rsquo;une longue vue.<\/div>\n<div dir=\"auto\">Les m\u00e9sanges charbonni\u00e8res et autres moineaux \u00e9taient au rendez-vous en nombre pour la plus grand joie des enfants totalement captiv\u00e9s et tout \u00e0 fait silencieux.<\/div>\n<div dir=\"auto\"><\/div>\n<\/div>\n<div dir=\"auto\"><div class=\"su-custom-gallery su-custom-gallery-align-left su-custom-gallery-title-never su-lightbox-gallery\"><div class=\"su-custom-gallery-slide\" style=\"width:500px;height:400px\"><a href=\"https:\/\/ee.mlfmonde.org\/rauma-areva\/wp-content\/uploads\/sites\/3\/2020\/11\/20201109_134849-e1605082425397.jpg\" title=\"20201109_134849\"><img fetchpriority=\"high\" decoding=\"async\" src=\"https:\/\/ee.mlfmonde.org\/rauma-areva\/wp-content\/uploads\/sites\/3\/2020\/11\/20201109_134849-e1605082425397.jpg\" alt=\"20201109_134849\" width=\"500\" height=\"400\" \/><span class=\"su-custom-gallery-title\">20201109_134849<\/span><\/a><\/div><div class=\"su-custom-gallery-slide\" style=\"width:500px;height:400px\"><a href=\"https:\/\/ee.mlfmonde.org\/rauma-areva\/wp-content\/uploads\/sites\/3\/2020\/11\/20201109_140656.jpg\" title=\"20201109_140656\"><img decoding=\"async\" src=\"https:\/\/ee.mlfmonde.org\/rauma-areva\/wp-content\/uploads\/sites\/3\/2020\/11\/20201109_140656.jpg\" alt=\"20201109_140656\" width=\"500\" height=\"400\" \/><span class=\"su-custom-gallery-title\">20201109_140656<\/span><\/a><\/div><div class=\"su-custom-gallery-slide\" style=\"width:500px;height:400px\"><a href=\"https:\/\/ee.mlfmonde.org\/rauma-areva\/wp-content\/uploads\/sites\/3\/2020\/11\/20201109_134219.jpg\" title=\"20201109_134219\"><img decoding=\"async\" src=\"https:\/\/ee.mlfmonde.org\/rauma-areva\/wp-content\/uploads\/sites\/3\/2020\/11\/20201109_134219.jpg\" alt=\"20201109_134219\" width=\"500\" height=\"400\" \/><span class=\"su-custom-gallery-title\">20201109_134219<\/span><\/a><\/div><div class=\"su-custom-gallery-slide\" style=\"width:500px;height:400px\"><a href=\"https:\/\/ee.mlfmonde.org\/rauma-areva\/wp-content\/uploads\/sites\/3\/2020\/11\/20201109_133809.jpg\" title=\"20201109_133809\"><img loading=\"lazy\" decoding=\"async\" src=\"https:\/\/ee.mlfmonde.org\/rauma-areva\/wp-content\/uploads\/sites\/3\/2020\/11\/20201109_133809.jpg\" alt=\"20201109_133809\" width=\"500\" height=\"400\" \/><span class=\"su-custom-gallery-title\">20201109_133809<\/span><\/a><\/div><div class=\"su-custom-gallery-slide\" style=\"width:500px;height:400px\"><a href=\"https:\/\/ee.mlfmonde.org\/rauma-areva\/wp-content\/uploads\/sites\/3\/2020\/11\/20201109_140013.jpg\" title=\"20201109_140013\"><img loading=\"lazy\" decoding=\"async\" src=\"https:\/\/ee.mlfmonde.org\/rauma-areva\/wp-content\/uploads\/sites\/3\/2020\/11\/20201109_140013.jpg\" alt=\"20201109_140013\" width=\"500\" height=\"400\" \/><span class=\"su-custom-gallery-title\">20201109_140013<\/span><\/a><\/div><div class=\"su-clear\"><\/div><\/div><\/div>\n<div class=\"yj6qo\"><\/div>\n<div class=\"adL\"><\/div>\n<\/div>\n<\/div>\n<div id=\":nf\" class=\"hq gt\"><\/div>\n","protected":false},"excerpt":{"rendered":"<p>Aujourd&rsquo;hui, les \u00e9l\u00e8ves de Ce2-Cm1 et Cm2 se sont rendus dans les jardins de l&rsquo;Universit\u00e9 pr\u00e8s de l&rsquo;\u00e9cole pour une observation dans leur milieu naturel des oiseaux mais aussi des \u00e9cureuils \u00e0 l&rsquo;aide de jumelles et d&rsquo;une longue vue. Les m\u00e9sanges charbonni\u00e8res et autres moineaux \u00e9taient au rendez-vous en nombre pour la plus grand joie [&hellip;]<\/p>\n","protected":false},"author":5,"featured_media":4955,"comment_status":"closed","ping_status":"open","sticky":false,"template":"","format":"standard","meta":{"_acf_changed":false,"footnotes":""},"categories":[23],"tags":[],"class_list":{"0":"post-4951","1":"post","2":"type-post","3":"status-publish","4":"format-standard","5":"has-post-thumbnail","7":"category-ce2-cm1-cm2","8":"czr-hentry"},"acf":[],"_links":{"self":[{"href":"https:\/\/ee.mlfmonde.org\/rauma-areva\/wp-json\/wp\/v2\/posts\/4951","targetHints":{"allow":["GET"]}}],"collection":[{"href":"https:\/\/ee.mlfmonde.org\/rauma-areva\/wp-json\/wp\/v2\/posts"}],"about":[{"href":"https:\/\/ee.mlfmonde.org\/rauma-areva\/wp-json\/wp\/v2\/types\/post"}],"author":[{"embeddable":true,"href":"https:\/\/ee.mlfmonde.org\/rauma-areva\/wp-json\/wp\/v2\/users\/5"}],"replies":[{"embeddable":true,"href":"https:\/\/ee.mlfmonde.org\/rauma-areva\/wp-json\/wp\/v2\/comments?post=4951"}],"version-history":[{"count":1,"href":"https:\/\/ee.mlfmonde.org\/rauma-areva\/wp-json\/wp\/v2\/posts\/4951\/revisions"}],"predecessor-version":[{"id":4957,"href":"https:\/\/ee.mlfmonde.org\/rauma-areva\/wp-json\/wp\/v2\/posts\/4951\/revisions\/4957"}],"wp:featuredmedia":[{"embeddable":true,"href":"https:\/\/ee.mlfmonde.org\/rauma-areva\/wp-json\/wp\/v2\/media\/4955"}],"wp:attachment":[{"href":"https:\/\/ee.mlfmonde.org\/rauma-areva\/wp-json\/wp\/v2\/media?parent=4951"}],"wp:term":[{"taxonomy":"category","embeddable":true,"href":"https:\/\/ee.mlfmonde.org\/rauma-areva\/wp-json\/wp\/v2\/categories?post=4951"},{"taxonomy":"post_tag","embeddable":true,"href":"https:\/\/ee.mlfmonde.org\/rauma-areva\/wp-json\/wp\/v2\/tags?post=4951"}],"curies":[{"name":"wp","href":"https:\/\/api.w.org\/{rel}","templated":true}]}}