{"id":2197,"date":"2017-03-08T11:07:56","date_gmt":"2017-03-08T09:07:56","guid":{"rendered":"http:\/\/ee.mlfmonde.org\/rauma-areva\/?p=2197"},"modified":"2017-03-08T11:07:56","modified_gmt":"2017-03-08T09:07:56","slug":"course-contre-la-faim-2016","status":"publish","type":"post","link":"https:\/\/ee.mlfmonde.org\/rauma-areva\/course-contre-la-faim-2016\/","title":{"rendered":"Course contre la faim 2016"},"content":{"rendered":"<div><\/div>\n<div><span style=\"color: #000000;font-family: arial,helvetica,sans-serif\">Notre \u00e9cole participe depuis de nombreuses ann\u00e9es au projet d\u00e9velopp\u00e9 par l&rsquo;association <b>Action contre la Faim<\/b>.<\/span><\/div>\n<div><span style=\"color: #000000;font-family: arial,helvetica,sans-serif\">\u00a0<\/span><\/div>\n<div><span style=\"color: #000000;font-family: arial,helvetica,sans-serif\">Vous trouverez au lien suivant la lettre de remerciements de cette association suite \u00e0 notre participation \u00e0 la<b> Course contre la Faim<\/b>\u00a0de mai 2016<\/p>\n<div><span style=\"color: #000000;font-family: arial,helvetica,sans-serif\"><a href=\"http:\/\/ee.mlfmonde.org\/rauma-areva\/wp-content\/uploads\/sites\/3\/2017\/03\/Lettre-Action-contre-la-Faim.pdf\" target=\"_blank\">Lettre Action contre la Faim<\/a><\/span><\/div>\n<div><span style=\"color: #000000;font-family: arial,helvetica,sans-serif\">\u00a0<\/span><\/div>\n<div><span style=\"color: #000000;font-family: arial,helvetica,sans-serif\">Le document suivant pr\u00e9sente un\u00a0bilan synth\u00e9tique des programmes\u00a0qui ont \u00e9t\u00e9 ou qui seront lanc\u00e9s par <b>Action contre la Faim<\/b> gr\u00e2ce aux fonds\u00a0collect\u00e9s.<\/span><\/div>\n<div><\/div>\n<div><a href=\"http:\/\/ee.mlfmonde.org\/rauma-areva\/wp-content\/uploads\/sites\/3\/2017\/03\/Bilan-des-programmes-dAction-contre-la-Faim.pdf\">Bilan des programmes d&rsquo;Action contre la Faim<\/a><\/div>\n<div><\/div>\n<div>Notre \u00e9cole participera \u00e0 la 20\u00e8me \u00e9dition de la <b>Course contre la Faim<\/b>\u00a0le 19 mai 2017.<\/div>\n","protected":false},"excerpt":{"rendered":"<p>Notre \u00e9cole participe depuis de nombreuses ann\u00e9es au projet d\u00e9velopp\u00e9 par l&rsquo;association Action contre la Faim. \u00a0 Vous trouverez au lien suivant la lettre de remerciements de cette association suite \u00e0 notre participation \u00e0 la Course contre la Faim\u00a0de mai 2016 Lettre Action contre la Faim \u00a0 Le document suivant pr\u00e9sente un\u00a0bilan synth\u00e9tique des programmes\u00a0qui [&hellip;]<\/p>\n","protected":false},"author":5,"featured_media":2201,"comment_status":"closed","ping_status":"open","sticky":false,"template":"","format":"standard","meta":{"_acf_changed":false,"footnotes":""},"categories":[12,13],"tags":[],"class_list":{"0":"post-2197","1":"post","2":"type-post","3":"status-publish","4":"format-standard","5":"has-post-thumbnail","7":"category-activites-communes","8":"category-vie-de-lecole","9":"czr-hentry"},"acf":[],"_links":{"self":[{"href":"https:\/\/ee.mlfmonde.org\/rauma-areva\/wp-json\/wp\/v2\/posts\/2197","targetHints":{"allow":["GET"]}}],"collection":[{"href":"https:\/\/ee.mlfmonde.org\/rauma-areva\/wp-json\/wp\/v2\/posts"}],"about":[{"href":"https:\/\/ee.mlfmonde.org\/rauma-areva\/wp-json\/wp\/v2\/types\/post"}],"author":[{"embeddable":true,"href":"https:\/\/ee.mlfmonde.org\/rauma-areva\/wp-json\/wp\/v2\/users\/5"}],"replies":[{"embeddable":true,"href":"https:\/\/ee.mlfmonde.org\/rauma-areva\/wp-json\/wp\/v2\/comments?post=2197"}],"version-history":[{"count":3,"href":"https:\/\/ee.mlfmonde.org\/rauma-areva\/wp-json\/wp\/v2\/posts\/2197\/revisions"}],"predecessor-version":[{"id":2203,"href":"https:\/\/ee.mlfmonde.org\/rauma-areva\/wp-json\/wp\/v2\/posts\/2197\/revisions\/2203"}],"wp:featuredmedia":[{"embeddable":true,"href":"https:\/\/ee.mlfmonde.org\/rauma-areva\/wp-json\/wp\/v2\/media\/2201"}],"wp:attachment":[{"href":"https:\/\/ee.mlfmonde.org\/rauma-areva\/wp-json\/wp\/v2\/media?parent=2197"}],"wp:term":[{"taxonomy":"category","embeddable":true,"href":"https:\/\/ee.mlfmonde.org\/rauma-areva\/wp-json\/wp\/v2\/categories?post=2197"},{"taxonomy":"post_tag","embeddable":true,"href":"https:\/\/ee.mlfmonde.org\/rauma-areva\/wp-json\/wp\/v2\/tags?post=2197"}],"curies":[{"name":"wp","href":"https:\/\/api.w.org\/{rel}","templated":true}]}}