{"id":2035,"date":"2017-01-12T18:25:41","date_gmt":"2017-01-12T16:25:41","guid":{"rendered":"http:\/\/ee.mlfmonde.org\/rauma-areva\/?p=2035"},"modified":"2017-01-13T13:47:30","modified_gmt":"2017-01-13T11:47:30","slug":"notre-spectacle-du-15-decembre-2016","status":"publish","type":"post","link":"https:\/\/ee.mlfmonde.org\/rauma-areva\/notre-spectacle-du-15-decembre-2016\/","title":{"rendered":"Notre spectacle du 15 d\u00e9cembre 2016"},"content":{"rendered":"<p>Jeudi\u00a015 d\u00e9cembre 2016<\/p>\n<p>Apr\u00e8s de nombreuses r\u00e9p\u00e9titions, toute l&rsquo;\u00e9cole a eu la joie de pr\u00e9senter son nouveau spectacle sur le th\u00e8me des \u00ab\u00a0Danses du monde.\u00a0\u00bb<\/p>\n<p>Retrouvez ci-dessous des extraits de nos diff\u00e9rentes prestations :<\/p>\n<ul>\n<li>Les \u00e9l\u00e8ves de PS-MS vous font d\u00e9couvrir leur monde imaginaire, en dansant sur une musique cr\u00e9\u00e9e pour l&rsquo;occasion.<\/li>\n<\/ul>\n<div style=\"width: 1170px;\" class=\"wp-video\"><!--[if lt IE 9]><script>document.createElement('video');<\/script><![endif]-->\n<video class=\"wp-video-shortcode\" id=\"video-2035-1\" width=\"1170\" height=\"658\" preload=\"metadata\" controls=\"controls\"><source type=\"video\/mp4\" src=\"http:\/\/ee.mlfmonde.org\/rauma-areva\/wp-content\/uploads\/sites\/3\/2017\/01\/Petite-et-moyenne-section.mp4?_=1\" \/><a href=\"http:\/\/ee.mlfmonde.org\/rauma-areva\/wp-content\/uploads\/sites\/3\/2017\/01\/Petite-et-moyenne-section.mp4\">http:\/\/ee.mlfmonde.org\/rauma-areva\/wp-content\/uploads\/sites\/3\/2017\/01\/Petite-et-moyenne-section.mp4<\/a><\/video><\/div>\n<p>&nbsp;<\/p>\n<ul>\n<li>Un groupe d&rsquo;\u00e9l\u00e8ves de diff\u00e9rentes classes\u00a0vous pr\u00e9sente une danse folklorique sur une musique finlandaise.<\/li>\n<\/ul>\n<div style=\"width: 1170px;\" class=\"wp-video\"><video class=\"wp-video-shortcode\" id=\"video-2035-2\" width=\"1170\" height=\"658\" preload=\"metadata\" controls=\"controls\"><source type=\"video\/mp4\" src=\"http:\/\/ee.mlfmonde.org\/rauma-areva\/wp-content\/uploads\/sites\/3\/2017\/01\/Danse-finlandaise-Groupe-1.mp4?_=2\" \/><a href=\"http:\/\/ee.mlfmonde.org\/rauma-areva\/wp-content\/uploads\/sites\/3\/2017\/01\/Danse-finlandaise-Groupe-1.mp4\">http:\/\/ee.mlfmonde.org\/rauma-areva\/wp-content\/uploads\/sites\/3\/2017\/01\/Danse-finlandaise-Groupe-1.mp4<\/a><\/video><\/div>\n<p>&nbsp;<\/p>\n<ul>\n<li>La classe des GS-CP vous propose plusieurs danses qui viennent de France, du Cameroun, de la Roumanie, de la Tunisie et de la Chine.<\/li>\n<\/ul>\n<div style=\"width: 1170px;\" class=\"wp-video\"><video class=\"wp-video-shortcode\" id=\"video-2035-3\" width=\"1170\" height=\"658\" preload=\"metadata\" controls=\"controls\"><source type=\"video\/mp4\" src=\"http:\/\/ee.mlfmonde.org\/rauma-areva\/wp-content\/uploads\/sites\/3\/2017\/01\/Grande-Section-et-CP.mp4?_=3\" \/><a href=\"http:\/\/ee.mlfmonde.org\/rauma-areva\/wp-content\/uploads\/sites\/3\/2017\/01\/Grande-Section-et-CP.mp4\">http:\/\/ee.mlfmonde.org\/rauma-areva\/wp-content\/uploads\/sites\/3\/2017\/01\/Grande-Section-et-CP.mp4<\/a><\/video><\/div>\n<p>&nbsp;<\/p>\n<ul>\n<li>Un nouveau groupe pr\u00e9sente la danse folklorique interpr\u00e9t\u00e9e sur une musique finlandaise.<\/li>\n<\/ul>\n<div style=\"width: 1170px;\" class=\"wp-video\"><video class=\"wp-video-shortcode\" id=\"video-2035-4\" width=\"1170\" height=\"658\" preload=\"metadata\" controls=\"controls\"><source type=\"video\/mp4\" src=\"http:\/\/ee.mlfmonde.org\/rauma-areva\/wp-content\/uploads\/sites\/3\/2017\/01\/Danse-finlandaise-Groupe-2.mp4?_=4\" \/><a href=\"http:\/\/ee.mlfmonde.org\/rauma-areva\/wp-content\/uploads\/sites\/3\/2017\/01\/Danse-finlandaise-Groupe-2.mp4\">http:\/\/ee.mlfmonde.org\/rauma-areva\/wp-content\/uploads\/sites\/3\/2017\/01\/Danse-finlandaise-Groupe-2.mp4<\/a><\/video><\/div>\n<p>&nbsp;<\/p>\n<ul>\n<li>La classe des coll\u00e9giens et notre lyc\u00e9enne vous proposent une chor\u00e9graphie d&rsquo;acrosport sur une musique extraite de <em>Mozart l&rsquo;Egyptien<\/em>.<\/li>\n<\/ul>\n<div style=\"width: 1170px;\" class=\"wp-video\"><video class=\"wp-video-shortcode\" id=\"video-2035-5\" width=\"1170\" height=\"658\" preload=\"metadata\" controls=\"controls\"><source type=\"video\/mp4\" src=\"http:\/\/ee.mlfmonde.org\/rauma-areva\/wp-content\/uploads\/sites\/3\/2017\/01\/Coll\u00e9ge.mp4?_=5\" \/><a href=\"http:\/\/ee.mlfmonde.org\/rauma-areva\/wp-content\/uploads\/sites\/3\/2017\/01\/Coll\u00e9ge.mp4\">http:\/\/ee.mlfmonde.org\/rauma-areva\/wp-content\/uploads\/sites\/3\/2017\/01\/Coll\u00e9ge.mp4<\/a><\/video><\/div>\n<p>&nbsp;<\/p>\n<ul>\n<li>Voici la troisi\u00e8me interpr\u00e9tation de notre danse folklorique :<\/li>\n<\/ul>\n<div style=\"width: 1170px;\" class=\"wp-video\"><video class=\"wp-video-shortcode\" id=\"video-2035-6\" width=\"1170\" height=\"658\" preload=\"metadata\" controls=\"controls\"><source type=\"video\/mp4\" src=\"http:\/\/ee.mlfmonde.org\/rauma-areva\/wp-content\/uploads\/sites\/3\/2017\/01\/Danse-finlandaise-Groupe-3.mp4?_=6\" \/><a href=\"http:\/\/ee.mlfmonde.org\/rauma-areva\/wp-content\/uploads\/sites\/3\/2017\/01\/Danse-finlandaise-Groupe-3.mp4\">http:\/\/ee.mlfmonde.org\/rauma-areva\/wp-content\/uploads\/sites\/3\/2017\/01\/Danse-finlandaise-Groupe-3.mp4<\/a><\/video><\/div>\n<p>&nbsp;<\/p>\n<ul>\n<li>La classe des CE-CM vous pr\u00e9sente deux danses : la Cochinchine et l&rsquo;Alunelul.<\/li>\n<\/ul>\n<div style=\"width: 1170px;\" class=\"wp-video\"><video class=\"wp-video-shortcode\" id=\"video-2035-7\" width=\"1170\" height=\"658\" preload=\"metadata\" controls=\"controls\"><source type=\"video\/mp4\" src=\"http:\/\/ee.mlfmonde.org\/rauma-areva\/wp-content\/uploads\/sites\/3\/2017\/01\/CE-CM.mp4?_=7\" \/><a href=\"http:\/\/ee.mlfmonde.org\/rauma-areva\/wp-content\/uploads\/sites\/3\/2017\/01\/CE-CM.mp4\">http:\/\/ee.mlfmonde.org\/rauma-areva\/wp-content\/uploads\/sites\/3\/2017\/01\/CE-CM.mp4<\/a><\/video><\/div>\n<p>&nbsp;<\/p>\n<ul>\n<li>Quelques images de notre final :<\/li>\n<\/ul>\n<div style=\"width: 1170px;\" class=\"wp-video\"><video class=\"wp-video-shortcode\" id=\"video-2035-8\" width=\"1170\" height=\"658\" preload=\"metadata\" controls=\"controls\"><source type=\"video\/mp4\" src=\"http:\/\/ee.mlfmonde.org\/rauma-areva\/wp-content\/uploads\/sites\/3\/2017\/01\/Final.mp4?_=8\" \/><a href=\"http:\/\/ee.mlfmonde.org\/rauma-areva\/wp-content\/uploads\/sites\/3\/2017\/01\/Final.mp4\">http:\/\/ee.mlfmonde.org\/rauma-areva\/wp-content\/uploads\/sites\/3\/2017\/01\/Final.mp4<\/a><\/video><\/div>\n","protected":false},"excerpt":{"rendered":"<p>Jeudi\u00a015 d\u00e9cembre 2016 Apr\u00e8s de nombreuses r\u00e9p\u00e9titions, toute l&rsquo;\u00e9cole a eu la joie de pr\u00e9senter son nouveau spectacle sur le th\u00e8me des \u00ab\u00a0Danses du monde.\u00a0\u00bb Retrouvez ci-dessous des extraits de nos diff\u00e9rentes prestations : Les \u00e9l\u00e8ves de PS-MS vous font d\u00e9couvrir leur monde imaginaire, en dansant sur une musique cr\u00e9\u00e9e pour l&rsquo;occasion. &nbsp; Un groupe [&hellip;]<\/p>\n","protected":false},"author":5,"featured_media":2046,"comment_status":"closed","ping_status":"open","sticky":false,"template":"","format":"standard","meta":{"_acf_changed":false,"footnotes":""},"categories":[12,13],"tags":[],"class_list":{"0":"post-2035","1":"post","2":"type-post","3":"status-publish","4":"format-standard","5":"has-post-thumbnail","7":"category-activites-communes","8":"category-vie-de-lecole","9":"czr-hentry"},"acf":[],"_links":{"self":[{"href":"https:\/\/ee.mlfmonde.org\/rauma-areva\/wp-json\/wp\/v2\/posts\/2035","targetHints":{"allow":["GET"]}}],"collection":[{"href":"https:\/\/ee.mlfmonde.org\/rauma-areva\/wp-json\/wp\/v2\/posts"}],"about":[{"href":"https:\/\/ee.mlfmonde.org\/rauma-areva\/wp-json\/wp\/v2\/types\/post"}],"author":[{"embeddable":true,"href":"https:\/\/ee.mlfmonde.org\/rauma-areva\/wp-json\/wp\/v2\/users\/5"}],"replies":[{"embeddable":true,"href":"https:\/\/ee.mlfmonde.org\/rauma-areva\/wp-json\/wp\/v2\/comments?post=2035"}],"version-history":[{"count":6,"href":"https:\/\/ee.mlfmonde.org\/rauma-areva\/wp-json\/wp\/v2\/posts\/2035\/revisions"}],"predecessor-version":[{"id":2050,"href":"https:\/\/ee.mlfmonde.org\/rauma-areva\/wp-json\/wp\/v2\/posts\/2035\/revisions\/2050"}],"wp:featuredmedia":[{"embeddable":true,"href":"https:\/\/ee.mlfmonde.org\/rauma-areva\/wp-json\/wp\/v2\/media\/2046"}],"wp:attachment":[{"href":"https:\/\/ee.mlfmonde.org\/rauma-areva\/wp-json\/wp\/v2\/media?parent=2035"}],"wp:term":[{"taxonomy":"category","embeddable":true,"href":"https:\/\/ee.mlfmonde.org\/rauma-areva\/wp-json\/wp\/v2\/categories?post=2035"},{"taxonomy":"post_tag","embeddable":true,"href":"https:\/\/ee.mlfmonde.org\/rauma-areva\/wp-json\/wp\/v2\/tags?post=2035"}],"curies":[{"name":"wp","href":"https:\/\/api.w.org\/{rel}","templated":true}]}}