{"id":1301,"date":"2018-04-18T21:10:04","date_gmt":"2018-04-18T21:10:04","guid":{"rendered":"http:\/\/ee.mlfmonde.org\/muanda-perenco\/?p=1301"},"modified":"2018-04-18T21:19:23","modified_gmt":"2018-04-18T21:19:23","slug":"les-laureats-du-concours-de-dictee-de-la-francophonie","status":"publish","type":"post","link":"https:\/\/ee.mlfmonde.org\/muanda-perenco\/2018\/04\/18\/les-laureats-du-concours-de-dictee-de-la-francophonie\/","title":{"rendered":"Les laur\u00e9ats du concours de dict\u00e9e de la francophonie"},"content":{"rendered":"<p>Pour cette sixi\u00e8me \u00e9dition de la Dict\u00e9e de la francophonie, les \u00e9l\u00e8ves de CM1 et CM2 ont \u00e9t\u00e9 \u00e0 l&rsquo;honneur:<\/p>\n<p>Dans la cat\u00e9gorie CM1, les 7 \u00e9l\u00e8ves de l\u2019\u00e9cole se sont class\u00e9s dans les 10 premiers, montant sur les 3 premi\u00e8res places du podium.<\/p>\n<p>De m\u00eame, dans la cat\u00e9gorie CM2, 4 sur les 7 \u00e9l\u00e8ves de l\u2019\u00e9cole se sont class\u00e9s dans les 10 premiers, en remportant notamment les 2 premi\u00e8res places.<\/p>\n<p>F\u00e9licitation \u00e0 tous\u00a0!<\/p>\n<p>Mais une marge de progression existe pour l\u2019ann\u00e9e prochaine\u00a0car aucun texte sans fautes n\u2019a \u00e9t\u00e9 r\u00e9alis\u00e9\u00a0!<\/p>\n<p><a href=\"http:\/\/ee.mlfmonde.org\/muanda-perenco\/wp-content\/uploads\/sites\/20\/2018\/04\/20180403_092154-1.jpg\"><img fetchpriority=\"high\" decoding=\"async\" class=\"aligncenter wp-image-1303 size-full\" src=\"http:\/\/ee.mlfmonde.org\/muanda-perenco\/wp-content\/uploads\/sites\/20\/2018\/04\/20180403_092154-1.jpg\" alt=\"\" width=\"4608\" height=\"2592\" srcset=\"https:\/\/ee.mlfmonde.org\/muanda-perenco\/wp-content\/uploads\/sites\/20\/2018\/04\/20180403_092154-1.jpg 4608w, https:\/\/ee.mlfmonde.org\/muanda-perenco\/wp-content\/uploads\/sites\/20\/2018\/04\/20180403_092154-1-300x169.jpg 300w, https:\/\/ee.mlfmonde.org\/muanda-perenco\/wp-content\/uploads\/sites\/20\/2018\/04\/20180403_092154-1-768x432.jpg 768w, https:\/\/ee.mlfmonde.org\/muanda-perenco\/wp-content\/uploads\/sites\/20\/2018\/04\/20180403_092154-1-1024x576.jpg 1024w\" sizes=\"(max-width: 4608px) 100vw, 4608px\" \/><\/a><\/p>\n","protected":false},"excerpt":{"rendered":"<p>Pour cette sixi\u00e8me \u00e9dition de la Dict\u00e9e de la francophonie, les \u00e9l\u00e8ves de CM1 et CM2 ont \u00e9t\u00e9 \u00e0 l&rsquo;honneur: Dans la cat\u00e9gorie CM1, les 7 \u00e9l\u00e8ves de l\u2019\u00e9cole se sont class\u00e9s dans les 10 premiers, montant sur les 3 premi\u00e8res places du podium. De m\u00eame, dans la cat\u00e9gorie CM2, 4 sur les 7 \u00e9l\u00e8ves [&hellip;]<\/p>\n","protected":false},"author":124,"featured_media":0,"comment_status":"closed","ping_status":"open","sticky":false,"template":"","format":"standard","meta":{"_acf_changed":false,"footnotes":""},"categories":[5,4,1],"tags":[],"class_list":{"0":"post-1301","1":"post","2":"type-post","3":"status-publish","4":"format-standard","6":"category-cm1","7":"category-cm2","8":"category-uncategorized","9":"czr-hentry"},"acf":[],"_links":{"self":[{"href":"https:\/\/ee.mlfmonde.org\/muanda-perenco\/wp-json\/wp\/v2\/posts\/1301","targetHints":{"allow":["GET"]}}],"collection":[{"href":"https:\/\/ee.mlfmonde.org\/muanda-perenco\/wp-json\/wp\/v2\/posts"}],"about":[{"href":"https:\/\/ee.mlfmonde.org\/muanda-perenco\/wp-json\/wp\/v2\/types\/post"}],"author":[{"embeddable":true,"href":"https:\/\/ee.mlfmonde.org\/muanda-perenco\/wp-json\/wp\/v2\/users\/124"}],"replies":[{"embeddable":true,"href":"https:\/\/ee.mlfmonde.org\/muanda-perenco\/wp-json\/wp\/v2\/comments?post=1301"}],"version-history":[{"count":3,"href":"https:\/\/ee.mlfmonde.org\/muanda-perenco\/wp-json\/wp\/v2\/posts\/1301\/revisions"}],"predecessor-version":[{"id":1305,"href":"https:\/\/ee.mlfmonde.org\/muanda-perenco\/wp-json\/wp\/v2\/posts\/1301\/revisions\/1305"}],"wp:attachment":[{"href":"https:\/\/ee.mlfmonde.org\/muanda-perenco\/wp-json\/wp\/v2\/media?parent=1301"}],"wp:term":[{"taxonomy":"category","embeddable":true,"href":"https:\/\/ee.mlfmonde.org\/muanda-perenco\/wp-json\/wp\/v2\/categories?post=1301"},{"taxonomy":"post_tag","embeddable":true,"href":"https:\/\/ee.mlfmonde.org\/muanda-perenco\/wp-json\/wp\/v2\/tags?post=1301"}],"curies":[{"name":"wp","href":"https:\/\/api.w.org\/{rel}","templated":true}]}}