{"id":2134,"date":"2023-10-21T06:22:35","date_gmt":"2023-10-21T05:22:35","guid":{"rendered":"http:\/\/ee.mlfmonde.org\/moanda-comilog-lhs\/?p=2134"},"modified":"2023-10-21T06:22:35","modified_gmt":"2023-10-21T05:22:35","slug":"faire-face-au-harcelement-un-phare-dans-la-nuit","status":"publish","type":"post","link":"https:\/\/ee.mlfmonde.org\/moanda-comilog-lhs\/faire-face-au-harcelement-un-phare-dans-la-nuit\/","title":{"rendered":"Faire face au harc\u00e8lement : un pHARe dans la nuit"},"content":{"rendered":"<p><span style=\"font-weight: 400\">Au coll\u00e8ge et au lyc\u00e9e, le harc\u00e8lement scolaire est un probl\u00e8me grave qui peut affecter profond\u00e9ment la vie des \u00e9l\u00e8ves. Pour lutter contre ce fl\u00e9au, de nombreux \u00e9tablissements ont mis en place des initiatives de pr\u00e9vention et de sensibilisation. Les ambassadeurs pHARe sont ces jeunes \u00e9l\u00e8ves courageux qui s&rsquo;engagent \u00e0 identifier les signes du harc\u00e8lement scolaire et \u00e0 mener des projets de pr\u00e9vention au sein de leur \u00e9tablissement. Une journ\u00e9e de formation r\u00e9cente a \u00e9t\u00e9 l&rsquo;occasion pour ces ambassadeurs de renforcer leur engagement et de pr\u00e9parer des initiatives puissantes pour lutter contre le harc\u00e8lement scolaire.<\/span><\/p>\n<p><span style=\"font-weight: 400\">La journ\u00e9e de formation a d\u00e9but\u00e9 par le visionnage de clips vid\u00e9o traitant du harc\u00e8lement scolaire. Les \u00e9l\u00e8ves ont utilis\u00e9 une \u00ab\u00a0roue des \u00e9motions\u00a0\u00bb pour exprimer leurs sentiments envers les situations pr\u00e9sent\u00e9es dans les vid\u00e9os. Cela a permis d&rsquo;ouvrir un dialogue sur les \u00e9motions complexes que les victimes de harc\u00e8lement peuvent ressentir. Les ambassadeurs ont montr\u00e9 une incroyable empathie envers les personnes impliqu\u00e9es dans ces situations, d\u00e9montrant une compr\u00e9hension profonde du probl\u00e8me.<\/span><\/p>\n<p><span style=\"font-weight: 400\">Un aspect essentiel du programme pHARe est la collaboration entre les \u00e9l\u00e8ves ambassadeurs et l&rsquo;\u00e9quipe pHARe de l&rsquo;\u00e9tablissement, compos\u00e9e d&rsquo;adultes. Les ambassadeurs ont \u00e9labor\u00e9 un protocole de travail en \u00e9quipe, afin de s&rsquo;assurer que leur voix soit entendue et que leurs id\u00e9es puissent \u00eatre mises en pratique. Cette collaboration interg\u00e9n\u00e9rationnelle montre que la lutte contre le harc\u00e8lement scolaire est l&rsquo;affaire de tous, peu importe l&rsquo;\u00e2ge.<\/span><\/p>\n<p><span style=\"font-weight: 400\">Le point culminant de la journ\u00e9e de formation a \u00e9t\u00e9 la pr\u00e9paration d&rsquo;ateliers pour animer la Journ\u00e9e Nationale de Lutte contre le Harc\u00e8lement Scolaire, qui aura lieu le 9 novembre. Les ambassadeurs pHARe ont fait preuve de cr\u00e9ativit\u00e9 et d&rsquo;engagement en concevant des activit\u00e9s et des pr\u00e9sentations pour sensibiliser leurs camarades et les adultes de l&rsquo;\u00e9tablissement. Cette journ\u00e9e sp\u00e9ciale sera l&rsquo;occasion pour les \u00e9l\u00e8ves de prendre la parole, de partager leurs connaissances et de contribuer \u00e0 la cr\u00e9ation d&rsquo;un environnement scolaire plus s\u00fbr et bienveillant.<\/span><\/p>\n<p><span style=\"font-weight: 400\">En fin de compte, les ambassadeurs pHARe sont bien plus que de simples \u00e9l\u00e8ves. Ils sont les architectes d&rsquo;un avenir scolaire meilleur, o\u00f9 chaque \u00e9l\u00e8ve se sent en s\u00e9curit\u00e9, respect\u00e9 et soutenu. Leur journ\u00e9e de formation n&rsquo;a pas seulement renforc\u00e9 leurs comp\u00e9tences, elle a renforc\u00e9 leur d\u00e9termination \u00e0 lutter contre le harc\u00e8lement scolaire. Le 9 novembre, lors de la Journ\u00e9e Nationale de Lutte contre le Harc\u00e8lement Scolaire, ils se tiendront aux c\u00f4t\u00e9s de leurs camarades pour faire entendre leur voix et faire la diff\u00e9rence. Enseignants, parents et \u00e9l\u00e8ves peuvent \u00eatre fiers de ces ambassadeurs pHARe qui font tout leur possible pour cr\u00e9er un environnement scolaire plus serein.<\/span><\/p>\n<div id=\"su_carousel_69f4e710902bf\" class=\"su-carousel su-carousel-centered su-carousel-pages-no su-carousel-responsive-yes\" style=\"width:100%\" data-autoplay=\"3000\" data-speed=\"600\" data-mousewheel=\"true\" data-items=\"1\" data-scroll=\"1\"><div class=\"su-carousel-slides\"><div class=\"su-carousel-slide\"><a><img decoding=\"async\" src=\"https:\/\/ee.mlfmonde.org\/moanda-comilog-lhs\/wp-content\/uploads\/sites\/11\/2023\/10\/Roue-des-\u00e9motions.jpg\" alt=\"Roue des \u00e9motions\" \/><\/a><\/div><div class=\"su-carousel-slide\"><a><img decoding=\"async\" src=\"https:\/\/ee.mlfmonde.org\/moanda-comilog-lhs\/wp-content\/uploads\/sites\/11\/2023\/10\/fleu-peinture.jpg\" alt=\"fleu peinture\" \/><\/a><\/div><div class=\"su-carousel-slide\"><a><img decoding=\"async\" src=\"https:\/\/ee.mlfmonde.org\/moanda-comilog-lhs\/wp-content\/uploads\/sites\/11\/2023\/10\/groupe-peinture.jpg\" alt=\"groupe peinture\" \/><\/a><\/div><div class=\"su-carousel-slide\"><a><img decoding=\"async\" src=\"https:\/\/ee.mlfmonde.org\/moanda-comilog-lhs\/wp-content\/uploads\/sites\/11\/2023\/10\/ombre-super-h\u00e9ros.jpg\" alt=\"ombre super h\u00e9ros\" \/><\/a><\/div><\/div><div class=\"su-carousel-nav\"><div class=\"su-carousel-direction\"><span class=\"su-carousel-prev\"><\/span><span class=\"su-carousel-next\"><\/span><\/div><div class=\"su-carousel-pagination\"><\/div><\/div><\/div>\n","protected":false},"excerpt":{"rendered":"<p>Au coll\u00e8ge et au lyc\u00e9e, le harc\u00e8lement scolaire est un probl\u00e8me grave qui peut affecter profond\u00e9ment la vie des \u00e9l\u00e8ves. Pour lutter contre ce fl\u00e9au, de nombreux \u00e9tablissements ont mis en place des initiatives de pr\u00e9vention et de sensibilisation. Les ambassadeurs pHARe sont ces jeunes \u00e9l\u00e8ves courageux qui s&rsquo;engagent \u00e0 identifier les signes du harc\u00e8lement [&hellip;]<\/p>\n","protected":false},"author":161,"featured_media":2112,"comment_status":"closed","ping_status":"open","sticky":false,"template":"","format":"standard","meta":{"_acf_changed":false,"footnotes":""},"categories":[5],"tags":[],"class_list":{"0":"post-2134","1":"post","2":"type-post","3":"status-publish","4":"format-standard","5":"has-post-thumbnail","7":"category-accueil","8":"czr-hentry"},"acf":[],"_links":{"self":[{"href":"https:\/\/ee.mlfmonde.org\/moanda-comilog-lhs\/wp-json\/wp\/v2\/posts\/2134","targetHints":{"allow":["GET"]}}],"collection":[{"href":"https:\/\/ee.mlfmonde.org\/moanda-comilog-lhs\/wp-json\/wp\/v2\/posts"}],"about":[{"href":"https:\/\/ee.mlfmonde.org\/moanda-comilog-lhs\/wp-json\/wp\/v2\/types\/post"}],"author":[{"embeddable":true,"href":"https:\/\/ee.mlfmonde.org\/moanda-comilog-lhs\/wp-json\/wp\/v2\/users\/161"}],"replies":[{"embeddable":true,"href":"https:\/\/ee.mlfmonde.org\/moanda-comilog-lhs\/wp-json\/wp\/v2\/comments?post=2134"}],"version-history":[{"count":1,"href":"https:\/\/ee.mlfmonde.org\/moanda-comilog-lhs\/wp-json\/wp\/v2\/posts\/2134\/revisions"}],"predecessor-version":[{"id":2139,"href":"https:\/\/ee.mlfmonde.org\/moanda-comilog-lhs\/wp-json\/wp\/v2\/posts\/2134\/revisions\/2139"}],"wp:featuredmedia":[{"embeddable":true,"href":"https:\/\/ee.mlfmonde.org\/moanda-comilog-lhs\/wp-json\/wp\/v2\/media\/2112"}],"wp:attachment":[{"href":"https:\/\/ee.mlfmonde.org\/moanda-comilog-lhs\/wp-json\/wp\/v2\/media?parent=2134"}],"wp:term":[{"taxonomy":"category","embeddable":true,"href":"https:\/\/ee.mlfmonde.org\/moanda-comilog-lhs\/wp-json\/wp\/v2\/categories?post=2134"},{"taxonomy":"post_tag","embeddable":true,"href":"https:\/\/ee.mlfmonde.org\/moanda-comilog-lhs\/wp-json\/wp\/v2\/tags?post=2134"}],"curies":[{"name":"wp","href":"https:\/\/api.w.org\/{rel}","templated":true}]}}