{"id":5809,"date":"2025-12-07T08:45:30","date_gmt":"2025-12-07T03:45:30","guid":{"rendered":"https:\/\/ee.mlfmonde.org\/ashgabat-bouygues\/?p=5809"},"modified":"2025-12-10T07:30:38","modified_gmt":"2025-12-10T02:30:38","slug":"chorale-commune-a-lift","status":"publish","type":"post","link":"https:\/\/ee.mlfmonde.org\/ashgabat-bouygues\/chorale-commune-a-lift\/","title":{"rendered":"Chorale commune \u00e0 l&rsquo;IFT"},"content":{"rendered":"\n<div class=\"wp-block-media-text has-media-on-the-right is-stacked-on-mobile is-vertically-aligned-center\" style=\"grid-template-columns:auto 47%\"><div class=\"wp-block-media-text__content\">\n<p>Samedi 6 d\u00e9cembre, dans l&rsquo;apr\u00e8s-midi, nos \u00e9l\u00e8ves des cycles 2 et 3 ont form\u00e9 une chorale avec des \u00e9l\u00e8ves de l&rsquo;Institut Fran\u00e7ais du Turkm\u00e9nistan (IFT). <br>Tous ensemble, dans le caf\u00e9 de l&rsquo;IFT, apr\u00e8s avoir \u00e9t\u00e9 pr\u00e9sent\u00e9s par Monsieur Vincent Lorenzini, le directeur des lieux, ils ont interpr\u00e9t\u00e9 des chants traditionnels de No\u00ebl et des classiques intemporels de la chanson fran\u00e7aise, tels que : <em>Bient\u00f4t ce sera No\u00ebl<\/em>, <em>No\u00ebl fait danser les couleurs<\/em> et l&rsquo;immanquable <em>Les Champs Elys\u00e9es<\/em>. <br>Les chanteurs \u00e9taient tout de blanc v\u00eatus et ils se sont produits devant un public nombreux et enthousiaste. Ils \u00e9taient accompagn\u00e9s, au piano, pour Ayna Shirova, notre professeure de chorale et ses amis musiciens. Pour les r\u00e9compenser, l&rsquo;IFT a ensuite offert aux choristes quelques boissons et friandises. <br>Et, comme le tr\u00e8s beau march\u00e9 de No\u00ebl de l&rsquo;IFT avait lieu en m\u00eame temps, nos \u00e9l\u00e8ves ont profit\u00e9 de l&rsquo;occasion pour acheter quelques cadeaux et souvenirs.&nbsp;<\/p>\n<\/div><figure class=\"wp-block-media-text__media\"><img fetchpriority=\"high\" decoding=\"async\" width=\"454\" height=\"341\" src=\"https:\/\/ee.mlfmonde.org\/ashgabat-bouygues\/wp-content\/uploads\/sites\/15\/2025\/12\/Ph-1.jpg\" alt=\"\" class=\"wp-image-5816 size-full\" srcset=\"https:\/\/ee.mlfmonde.org\/ashgabat-bouygues\/wp-content\/uploads\/sites\/15\/2025\/12\/Ph-1.jpg 454w, https:\/\/ee.mlfmonde.org\/ashgabat-bouygues\/wp-content\/uploads\/sites\/15\/2025\/12\/Ph-1-300x225.jpg 300w\" sizes=\"(max-width: 454px) 100vw, 454px\" \/><\/figure><\/div>\n\n\n\n<p>Ce fut un tr\u00e8s beau moment qui nous a plong\u00e9s avec d\u00e9lectation dans l&rsquo;atmosph\u00e8re f\u00e9\u00e9rique de No\u00ebl. Mille mercis \u00e0 Ayna pour cette formidable initiative et \u00e0 l&rsquo;IFT pour son accueil !   <strong>Solenne HORELLOU<\/strong><\/p>\n\n\n\n<p>Un article dans le journal local ORIENT est \u00e9galement consacr\u00e9 \u00e0 cet \u00e9v\u00e9nement : <a href=\"https:\/\/share.google\/0ikZxeowxyEVZLybK\" target=\"_blank\" rel=\"noreferrer noopener\">ici<\/a><\/p>\n\n\n\n<p><strong>Cliquer sur les photos pour lire les l\u00e9gendes.<\/strong><\/p>\n\n\n\n<figure class=\"wp-block-gallery has-nested-images columns-4 is-cropped wp-block-gallery-1 is-layout-flex wp-block-gallery-is-layout-flex\">\n<figure class=\"wp-block-image size-large\"><a href=\"https:\/\/ee.mlfmonde.org\/ashgabat-bouygues\/wp-content\/uploads\/sites\/15\/2025\/12\/Ph-4-1.jpg\"><img decoding=\"async\" width=\"454\" height=\"341\" data-id=\"5828\" src=\"https:\/\/ee.mlfmonde.org\/ashgabat-bouygues\/wp-content\/uploads\/sites\/15\/2025\/12\/Ph-4-1.jpg\" alt=\"Salle comble !\" class=\"wp-image-5828\" srcset=\"https:\/\/ee.mlfmonde.org\/ashgabat-bouygues\/wp-content\/uploads\/sites\/15\/2025\/12\/Ph-4-1.jpg 454w, https:\/\/ee.mlfmonde.org\/ashgabat-bouygues\/wp-content\/uploads\/sites\/15\/2025\/12\/Ph-4-1-300x225.jpg 300w\" sizes=\"(max-width: 454px) 100vw, 454px\" \/><\/a><\/figure>\n\n\n\n<figure class=\"wp-block-image size-large\"><a href=\"https:\/\/ee.mlfmonde.org\/ashgabat-bouygues\/wp-content\/uploads\/sites\/15\/2025\/12\/Ph-2-1.jpg\"><img decoding=\"async\" width=\"454\" height=\"341\" data-id=\"5827\" src=\"https:\/\/ee.mlfmonde.org\/ashgabat-bouygues\/wp-content\/uploads\/sites\/15\/2025\/12\/Ph-2-1.jpg\" alt=\"Pr\u00e9sentation de la chorale de l'IFT et de l'\u00e9cole MLF Bouygues par M. Vincent LORENZINI, directeur de l'IFT.\" class=\"wp-image-5827\" srcset=\"https:\/\/ee.mlfmonde.org\/ashgabat-bouygues\/wp-content\/uploads\/sites\/15\/2025\/12\/Ph-2-1.jpg 454w, https:\/\/ee.mlfmonde.org\/ashgabat-bouygues\/wp-content\/uploads\/sites\/15\/2025\/12\/Ph-2-1-300x225.jpg 300w\" sizes=\"(max-width: 454px) 100vw, 454px\" \/><\/a><\/figure>\n\n\n\n<figure class=\"wp-block-image size-large\"><a href=\"https:\/\/ee.mlfmonde.org\/ashgabat-bouygues\/wp-content\/uploads\/sites\/15\/2025\/12\/Ph-0-rotated.jpg\"><img loading=\"lazy\" decoding=\"async\" width=\"340\" height=\"453\" data-id=\"5826\" src=\"https:\/\/ee.mlfmonde.org\/ashgabat-bouygues\/wp-content\/uploads\/sites\/15\/2025\/12\/Ph-0-rotated.jpg\" alt=\"La chorale en repr\u00e9sentation.\" class=\"wp-image-5826\" srcset=\"https:\/\/ee.mlfmonde.org\/ashgabat-bouygues\/wp-content\/uploads\/sites\/15\/2025\/12\/Ph-0-rotated.jpg 340w, https:\/\/ee.mlfmonde.org\/ashgabat-bouygues\/wp-content\/uploads\/sites\/15\/2025\/12\/Ph-0-225x300.jpg 225w\" sizes=\"(max-width: 340px) 100vw, 340px\" \/><\/a><\/figure>\n\n\n\n<figure class=\"wp-block-image size-large\"><a href=\"https:\/\/ee.mlfmonde.org\/ashgabat-bouygues\/wp-content\/uploads\/sites\/15\/2025\/12\/Ph-9-1.jpg\"><img loading=\"lazy\" decoding=\"async\" width=\"454\" height=\"371\" data-id=\"5830\" src=\"https:\/\/ee.mlfmonde.org\/ashgabat-bouygues\/wp-content\/uploads\/sites\/15\/2025\/12\/Ph-9-1.jpg\" alt=\"Ayna Shirova et ses amis musiciens accompagnent les jeunes choristes.\" class=\"wp-image-5830\" srcset=\"https:\/\/ee.mlfmonde.org\/ashgabat-bouygues\/wp-content\/uploads\/sites\/15\/2025\/12\/Ph-9-1.jpg 454w, https:\/\/ee.mlfmonde.org\/ashgabat-bouygues\/wp-content\/uploads\/sites\/15\/2025\/12\/Ph-9-1-300x245.jpg 300w\" sizes=\"(max-width: 454px) 100vw, 454px\" \/><\/a><\/figure>\n\n\n\n<figure class=\"wp-block-image size-large\"><a href=\"https:\/\/ee.mlfmonde.org\/ashgabat-bouygues\/wp-content\/uploads\/sites\/15\/2025\/12\/Ph-5-1.jpg\"><img loading=\"lazy\" decoding=\"async\" width=\"454\" height=\"341\" data-id=\"5833\" src=\"https:\/\/ee.mlfmonde.org\/ashgabat-bouygues\/wp-content\/uploads\/sites\/15\/2025\/12\/Ph-5-1.jpg\" alt=\"Apr\u00e8s l'effort, le r\u00e9confort avec une collation offerte aux choristes, par l'IFT. \" class=\"wp-image-5833\" srcset=\"https:\/\/ee.mlfmonde.org\/ashgabat-bouygues\/wp-content\/uploads\/sites\/15\/2025\/12\/Ph-5-1.jpg 454w, https:\/\/ee.mlfmonde.org\/ashgabat-bouygues\/wp-content\/uploads\/sites\/15\/2025\/12\/Ph-5-1-300x225.jpg 300w\" sizes=\"(max-width: 454px) 100vw, 454px\" \/><\/a><\/figure>\n\n\n\n<figure class=\"wp-block-image size-large\"><a href=\"https:\/\/ee.mlfmonde.org\/ashgabat-bouygues\/wp-content\/uploads\/sites\/15\/2025\/12\/Ph-6-1.jpg\"><img loading=\"lazy\" decoding=\"async\" width=\"454\" height=\"341\" data-id=\"5834\" src=\"https:\/\/ee.mlfmonde.org\/ashgabat-bouygues\/wp-content\/uploads\/sites\/15\/2025\/12\/Ph-6-1.jpg\" alt=\"Nos jeunes choristes ach\u00e8vent leur visite par quelques emplettes au march\u00e9 de No\u00ebl de l'IFT.\" class=\"wp-image-5834\" srcset=\"https:\/\/ee.mlfmonde.org\/ashgabat-bouygues\/wp-content\/uploads\/sites\/15\/2025\/12\/Ph-6-1.jpg 454w, https:\/\/ee.mlfmonde.org\/ashgabat-bouygues\/wp-content\/uploads\/sites\/15\/2025\/12\/Ph-6-1-300x225.jpg 300w\" sizes=\"(max-width: 454px) 100vw, 454px\" \/><\/a><\/figure>\n\n\n\n<figure class=\"wp-block-image size-large\"><a href=\"https:\/\/ee.mlfmonde.org\/ashgabat-bouygues\/wp-content\/uploads\/sites\/15\/2025\/12\/Ph-8-1-rotated.jpg\"><img loading=\"lazy\" decoding=\"async\" width=\"340\" height=\"453\" data-id=\"5832\" src=\"https:\/\/ee.mlfmonde.org\/ashgabat-bouygues\/wp-content\/uploads\/sites\/15\/2025\/12\/Ph-8-1-rotated.jpg\" alt=\"\" class=\"wp-image-5832\" srcset=\"https:\/\/ee.mlfmonde.org\/ashgabat-bouygues\/wp-content\/uploads\/sites\/15\/2025\/12\/Ph-8-1-rotated.jpg 340w, https:\/\/ee.mlfmonde.org\/ashgabat-bouygues\/wp-content\/uploads\/sites\/15\/2025\/12\/Ph-8-1-225x300.jpg 225w\" sizes=\"(max-width: 340px) 100vw, 340px\" \/><\/a><\/figure>\n\n\n\n<figure class=\"wp-block-image size-large\"><a href=\"https:\/\/ee.mlfmonde.org\/ashgabat-bouygues\/wp-content\/uploads\/sites\/15\/2025\/12\/Ph-7-1-rotated.jpg\"><img loading=\"lazy\" decoding=\"async\" width=\"340\" height=\"453\" data-id=\"5831\" src=\"https:\/\/ee.mlfmonde.org\/ashgabat-bouygues\/wp-content\/uploads\/sites\/15\/2025\/12\/Ph-7-1-rotated.jpg\" alt=\"\" class=\"wp-image-5831\" srcset=\"https:\/\/ee.mlfmonde.org\/ashgabat-bouygues\/wp-content\/uploads\/sites\/15\/2025\/12\/Ph-7-1-rotated.jpg 340w, https:\/\/ee.mlfmonde.org\/ashgabat-bouygues\/wp-content\/uploads\/sites\/15\/2025\/12\/Ph-7-1-225x300.jpg 225w\" sizes=\"(max-width: 340px) 100vw, 340px\" \/><\/a><\/figure>\n<\/figure>\n\n\n\n<p><\/p>\n","protected":false},"excerpt":{"rendered":"<p>Samedi 6 d\u00e9cembre, dans l&rsquo;apr\u00e8s-midi, nos \u00e9l\u00e8ves des cycles 2 et 3 ont form\u00e9 une chorale avec des \u00e9l\u00e8ves de l&rsquo;Institut Fran\u00e7ais du Turkm\u00e9nistan (IFT). Tous ensemble, dans le caf\u00e9 de l&rsquo;IFT, apr\u00e8s avoir \u00e9t\u00e9 pr\u00e9sent\u00e9s par Monsieur Vincent Lorenzini, le directeur des lieux, ils ont interpr\u00e9t\u00e9 des chants traditionnels de No\u00ebl et des classiques [&hellip;]<\/p>\n","protected":false},"author":105,"featured_media":0,"comment_status":"open","ping_status":"open","sticky":false,"template":"","format":"standard","meta":{"_acf_changed":false,"footnotes":""},"categories":[87],"tags":[],"class_list":{"0":"post-5809","1":"post","2":"type-post","3":"status-publish","4":"format-standard","6":"category-2025-2026-2","7":"czr-hentry"},"acf":[],"_links":{"self":[{"href":"https:\/\/ee.mlfmonde.org\/ashgabat-bouygues\/wp-json\/wp\/v2\/posts\/5809","targetHints":{"allow":["GET"]}}],"collection":[{"href":"https:\/\/ee.mlfmonde.org\/ashgabat-bouygues\/wp-json\/wp\/v2\/posts"}],"about":[{"href":"https:\/\/ee.mlfmonde.org\/ashgabat-bouygues\/wp-json\/wp\/v2\/types\/post"}],"author":[{"embeddable":true,"href":"https:\/\/ee.mlfmonde.org\/ashgabat-bouygues\/wp-json\/wp\/v2\/users\/105"}],"replies":[{"embeddable":true,"href":"https:\/\/ee.mlfmonde.org\/ashgabat-bouygues\/wp-json\/wp\/v2\/comments?post=5809"}],"version-history":[{"count":8,"href":"https:\/\/ee.mlfmonde.org\/ashgabat-bouygues\/wp-json\/wp\/v2\/posts\/5809\/revisions"}],"predecessor-version":[{"id":5844,"href":"https:\/\/ee.mlfmonde.org\/ashgabat-bouygues\/wp-json\/wp\/v2\/posts\/5809\/revisions\/5844"}],"wp:attachment":[{"href":"https:\/\/ee.mlfmonde.org\/ashgabat-bouygues\/wp-json\/wp\/v2\/media?parent=5809"}],"wp:term":[{"taxonomy":"category","embeddable":true,"href":"https:\/\/ee.mlfmonde.org\/ashgabat-bouygues\/wp-json\/wp\/v2\/categories?post=5809"},{"taxonomy":"post_tag","embeddable":true,"href":"https:\/\/ee.mlfmonde.org\/ashgabat-bouygues\/wp-json\/wp\/v2\/tags?post=5809"}],"curies":[{"name":"wp","href":"https:\/\/api.w.org\/{rel}","templated":true}]}}