{"id":5711,"date":"2025-10-23T15:31:27","date_gmt":"2025-10-23T10:31:27","guid":{"rendered":"https:\/\/ee.mlfmonde.org\/ashgabat-bouygues\/?p=5711"},"modified":"2025-10-23T15:52:21","modified_gmt":"2025-10-23T10:52:21","slug":"compte-rendu-de-notre-journee-dautomne","status":"publish","type":"post","link":"https:\/\/ee.mlfmonde.org\/ashgabat-bouygues\/compte-rendu-de-notre-journee-dautomne\/","title":{"rendered":"Compte rendu de notre journ\u00e9e d\u2019automne"},"content":{"rendered":"\n<div class=\"wp-block-media-text has-media-on-the-right is-stacked-on-mobile\" style=\"grid-template-columns:auto 34%\"><div class=\"wp-block-media-text__content\">\n<p>Vendredi matin, 17 octobre, apr\u00e8s la r\u00e9cr\u00e9ation, les enfants de maternelle sont partis en promenade autour de l\u2019\u00e9cole pour observer la nature et ramasser des feuilles d\u2019automne.<br>Pendant la marche, les enfants ont contempl\u00e9 les arbres et remarqu\u00e9 qu\u2019en automne, les feuilles changent de couleur, s\u00e8chent et tombent.<br>Ils ont observ\u00e9 plusieurs formes et couleurs de feuilles et m\u00eame une vigne qui commen\u00e7ait \u00e0 s\u00e9cher.<br>Les enfants ont pris plaisir \u00e0 marcher sur les feuilles et \u00e0 \u00e9couter le \u201ccrac-crac\u201d sous leurs pas.<\/p>\n\n\n\n<p>Toutes les feuilles ramass\u00e9es ont \u00e9t\u00e9 mises dans un grand saladier transparent que nous avons rapport\u00e9 en classe.<br>De retour \u00e0 l\u2019\u00e9cole, la ma\u00eetresse a propos\u00e9 aux enfants de dessiner ce qu\u2019ils avaient vu pendant la promenade.<br>Pendant ce temps, elle a pr\u00e9par\u00e9 le grand arbre d\u2019automne, r\u00e9alis\u00e9 par les \u00e9l\u00e8ves des ann\u00e9es pr\u00e9c\u00e9dentes.<\/p>\n\n\n\n<p>L\u2019apr\u00e8s-midi, les enfants se sont regroup\u00e9s pour d\u00e9corer cet arbre avec les feuilles ramass\u00e9es, les pommes de pin et les dessins d\u2019animaux de la for\u00eat comme l\u2019\u00e9cureuil et l\u2019escargot. Ils ont coll\u00e9 les feuilles s\u00e9ch\u00e9es sur l\u2019arbre et ajout\u00e9 les pommes de pin peintes. L\u2019arbre termin\u00e9 a \u00e9t\u00e9 install\u00e9 devant la porte de la classe, pour que tout le monde puisse l\u2019admirer.<\/p>\n<\/div><figure class=\"wp-block-media-text__media\"><img fetchpriority=\"high\" decoding=\"async\" width=\"283\" height=\"418\" src=\"https:\/\/ee.mlfmonde.org\/ashgabat-bouygues\/wp-content\/uploads\/sites\/15\/2025\/10\/Ph-2-rotated.jpg\" alt=\"\" class=\"wp-image-5714 size-full\" srcset=\"https:\/\/ee.mlfmonde.org\/ashgabat-bouygues\/wp-content\/uploads\/sites\/15\/2025\/10\/Ph-2-rotated.jpg 283w, https:\/\/ee.mlfmonde.org\/ashgabat-bouygues\/wp-content\/uploads\/sites\/15\/2025\/10\/Ph-2-203x300.jpg 203w\" sizes=\"(max-width: 283px) 100vw, 283px\" \/><\/figure><\/div>\n\n\n\n<div class=\"wp-block-media-text is-stacked-on-mobile\" style=\"grid-template-columns:43% auto\"><figure class=\"wp-block-media-text__media\"><img decoding=\"async\" width=\"480\" height=\"287\" src=\"https:\/\/ee.mlfmonde.org\/ashgabat-bouygues\/wp-content\/uploads\/sites\/15\/2025\/10\/Ph-1.jpg\" alt=\"\" class=\"wp-image-5716 size-full\" srcset=\"https:\/\/ee.mlfmonde.org\/ashgabat-bouygues\/wp-content\/uploads\/sites\/15\/2025\/10\/Ph-1.jpg 480w, https:\/\/ee.mlfmonde.org\/ashgabat-bouygues\/wp-content\/uploads\/sites\/15\/2025\/10\/Ph-1-300x179.jpg 300w\" sizes=\"(max-width: 480px) 100vw, 480px\" \/><\/figure><div class=\"wp-block-media-text__content\">\n<p>Pour terminer, la ma\u00eetresse a propos\u00e9 un atelier cr\u00e9atif :<br>Elle a d\u00e9coup\u00e9 des cadres en carton, recouverts de papier adh\u00e9sif transparent.<br>Chaque \u00e9l\u00e8ve a choisi ses plus belles feuilles dans le saladier pour les coller sur le cadre, cr\u00e9ant ainsi un tableau naturel qui immortalise sa r\u00e9colte.<br>Les enfants ont ensuite d\u00e9cor\u00e9 leur cadre avec des feutres aux couleurs de l\u2019automne.<br>M\u00eame P\u00e9ruchette, notre petit oiseau de la classe, \u00e9tait \u00e0 nos c\u00f4t\u00e9s pendant l\u2019atelier !<br>La ma\u00eetresse a ensuite affich\u00e9 les \u0153uvres des enfants sur le panneau d\u2019affichage de la classe.<\/p>\n<\/div><\/div>\n\n\n\n<p>Nous avons ensuite poursuivi notre journ\u00e9e avec une activit\u00e9 p\u00e9riscolaire li\u00e9e au th\u00e8me des 5 sens.<br>Nous avons pris le temps d\u2019observer, \u00e9couter, sentir et toucher la nature :<\/p>\n\n\n\n<ul class=\"wp-block-list\">\n<li>Nous avons vu les belles couleurs des feuilles,<\/li>\n<\/ul>\n\n\n\n<ul class=\"wp-block-list\">\n<li>Entendu le crissement des feuilles sous nos pas,<\/li>\n<\/ul>\n\n\n\n<ul class=\"wp-block-list\">\n<li>Senti l\u2019odeur de la nature et de la terre mouill\u00e9e,<\/li>\n<\/ul>\n\n\n\n<ul class=\"wp-block-list\">\n<li>Et bien s\u00fbr, touch\u00e9 les feuilles avec nos petites mains !<\/li>\n<\/ul>\n\n\n\n<p>C\u2019\u00e9tait une belle journ\u00e9e ensoleill\u00e9e d\u2019automne, riche en d\u00e9couvertes, en sensations et en cr\u00e9ativit\u00e9.<br>Et pour finir, nous avons commenc\u00e9 \u00e0 apprendre notre chanson d\u2019automne \u00e9crite par la ma\u00eetresse !<br><strong>Notre journ\u00e9e d&rsquo;automne, en images et en musique !<\/strong> Paroles de notre chanson : <a href=\"http:\/\/ee.mlfmonde.org\/ashgabat-bouygues\/wp-content\/uploads\/sites\/15\/2025\/10\/Paroles-de-la-chanson_Promenade-dautomne.pdf\">ici<\/a><\/p>\n\n\n\n<figure class=\"wp-block-embed is-type-video is-provider-youtube wp-block-embed-youtube wp-embed-aspect-16-9 wp-has-aspect-ratio\"><div class=\"wp-block-embed__wrapper\">\n<iframe title=\"Journ\u00e9e d&#039;automne des \u00e9l\u00e8ves de maternelle\" width=\"1170\" height=\"658\" src=\"https:\/\/www.youtube.com\/embed\/kAPwy7DQFxY?feature=oembed\" frameborder=\"0\" allow=\"accelerometer; autoplay; clipboard-write; encrypted-media; gyroscope; picture-in-picture; web-share\" referrerpolicy=\"strict-origin-when-cross-origin\" allowfullscreen><\/iframe>\n<\/div><\/figure>\n","protected":false},"excerpt":{"rendered":"<p>Vendredi matin, 17 octobre, apr\u00e8s la r\u00e9cr\u00e9ation, les enfants de maternelle sont partis en promenade autour de l\u2019\u00e9cole pour observer la nature et ramasser des feuilles d\u2019automne.Pendant la marche, les enfants ont contempl\u00e9 les arbres et remarqu\u00e9 qu\u2019en automne, les feuilles changent de couleur, s\u00e8chent et tombent.Ils ont observ\u00e9 plusieurs formes et couleurs de feuilles [&hellip;]<\/p>\n","protected":false},"author":105,"featured_media":5713,"comment_status":"open","ping_status":"open","sticky":false,"template":"","format":"standard","meta":{"_acf_changed":false,"footnotes":""},"categories":[87],"tags":[],"class_list":{"0":"post-5711","1":"post","2":"type-post","3":"status-publish","4":"format-standard","5":"has-post-thumbnail","7":"category-2025-2026-2","8":"czr-hentry"},"acf":[],"_links":{"self":[{"href":"https:\/\/ee.mlfmonde.org\/ashgabat-bouygues\/wp-json\/wp\/v2\/posts\/5711","targetHints":{"allow":["GET"]}}],"collection":[{"href":"https:\/\/ee.mlfmonde.org\/ashgabat-bouygues\/wp-json\/wp\/v2\/posts"}],"about":[{"href":"https:\/\/ee.mlfmonde.org\/ashgabat-bouygues\/wp-json\/wp\/v2\/types\/post"}],"author":[{"embeddable":true,"href":"https:\/\/ee.mlfmonde.org\/ashgabat-bouygues\/wp-json\/wp\/v2\/users\/105"}],"replies":[{"embeddable":true,"href":"https:\/\/ee.mlfmonde.org\/ashgabat-bouygues\/wp-json\/wp\/v2\/comments?post=5711"}],"version-history":[{"count":4,"href":"https:\/\/ee.mlfmonde.org\/ashgabat-bouygues\/wp-json\/wp\/v2\/posts\/5711\/revisions"}],"predecessor-version":[{"id":5720,"href":"https:\/\/ee.mlfmonde.org\/ashgabat-bouygues\/wp-json\/wp\/v2\/posts\/5711\/revisions\/5720"}],"wp:featuredmedia":[{"embeddable":true,"href":"https:\/\/ee.mlfmonde.org\/ashgabat-bouygues\/wp-json\/wp\/v2\/media\/5713"}],"wp:attachment":[{"href":"https:\/\/ee.mlfmonde.org\/ashgabat-bouygues\/wp-json\/wp\/v2\/media?parent=5711"}],"wp:term":[{"taxonomy":"category","embeddable":true,"href":"https:\/\/ee.mlfmonde.org\/ashgabat-bouygues\/wp-json\/wp\/v2\/categories?post=5711"},{"taxonomy":"post_tag","embeddable":true,"href":"https:\/\/ee.mlfmonde.org\/ashgabat-bouygues\/wp-json\/wp\/v2\/tags?post=5711"}],"curies":[{"name":"wp","href":"https:\/\/api.w.org\/{rel}","templated":true}]}}