{"id":5585,"date":"2025-10-16T14:46:23","date_gmt":"2025-10-16T09:46:23","guid":{"rendered":"https:\/\/ee.mlfmonde.org\/ashgabat-bouygues\/?p=5585"},"modified":"2025-10-17T13:10:34","modified_gmt":"2025-10-17T08:10:34","slug":"journee-internationale-de-la-protection-de-la-couche-dozone","status":"publish","type":"post","link":"https:\/\/ee.mlfmonde.org\/ashgabat-bouygues\/journee-internationale-de-la-protection-de-la-couche-dozone\/","title":{"rendered":"Journ\u00e9e internationale de la protection de la couche d&rsquo;ozone"},"content":{"rendered":"\n<div class=\"wp-block-media-text has-media-on-the-right is-stacked-on-mobile\" style=\"grid-template-columns:auto 24%\"><div class=\"wp-block-media-text__content\">\n<p>Il y a quarante ans, les nations se sont r\u00e9unies pour la protection de la couche d&rsquo;ozone et ont convenu de prendre les mesures appropri\u00e9es pour prot\u00e9ger les populations et la plan\u00e8te contre les rayons UV nocifs qui traversent une couche d&rsquo;ozone potentiellement endommag\u00e9e. Chaque ann\u00e9e,<strong> le 16 septembre<\/strong>, nous c\u00e9l\u00e9brons cette r\u00e9ussite \u00e0 travers cette <strong><em>Journ\u00e9e Internationale de la pr\u00e9servation de la couche d\u2019ozone<\/em><\/strong>.<\/p>\n\n\n\n<p>Dans le cadre de cette journ\u00e9e en faveur de la couche d\u2019ozone, des \u00e9l\u00e8ves volontaires, de la 4<sup>\u00e8me<\/sup> \u00e0 la Tle, se sont mobilis\u00e9s. Ils sont particuli\u00e8rement conscients des enjeux environnementaux mondiaux, mais aussi propres au Turkm\u00e9nistan, ce qui peut expliquer leur engagement dans ce projet. C\u2019est ainsi qu\u2019ils ont r\u00e9alis\u00e9, sous la supervision de leurs professeurs de sciences, de math\u00e9matiques et d\u2019histoire-g\u00e9ographie, des recherches afin de r\u00e9aliser des affiches permettant de d\u00e9crire \u00e0 la fois les m\u00e9canismes scientifiques \u00e0 l\u2019origine du \u00ab&nbsp;trou dans la couche d\u2019ozone&nbsp;\u00bb, et les processus diplomatiques et scientifiques ayant d\u00e9bouch\u00e9 sur sa r\u00e9sorption. Il s\u2019agissait pour les \u00e9l\u00e8ves de bien saisir les causes des pollutions environnementales, leurs implications sur la plan\u00e8te et sur les populations \u00e0 court et moyen terme, mais aussi de saisir comment la communaut\u00e9 internationale, incarn\u00e9e par l\u2019ONU et ses agences, est capable de coop\u00e9rer et de trouver des solutions \u00e0 ces probl\u00e8mes.<\/p>\n<\/div><figure class=\"wp-block-media-text__media\"><img fetchpriority=\"high\" decoding=\"async\" width=\"283\" height=\"605\" src=\"https:\/\/ee.mlfmonde.org\/ashgabat-bouygues\/wp-content\/uploads\/sites\/15\/2025\/10\/Photo-1.jpg\" alt=\"\" class=\"wp-image-5586 size-full\" srcset=\"https:\/\/ee.mlfmonde.org\/ashgabat-bouygues\/wp-content\/uploads\/sites\/15\/2025\/10\/Photo-1.jpg 283w, https:\/\/ee.mlfmonde.org\/ashgabat-bouygues\/wp-content\/uploads\/sites\/15\/2025\/10\/Photo-1-140x300.jpg 140w\" sizes=\"(max-width: 283px) 100vw, 283px\" \/><\/figure><\/div>\n\n\n\n<p><br><strong>Les \u00e9l\u00e8ves collaborent et se concentrent pour r\u00e9aliser une s\u00e9rie d\u2019affiches visant \u00e0 c\u00e9l\u00e9brer la Journ\u00e9e internationale de la pr\u00e9servation de la couche d\u2019ozone.<\/strong><\/p>\n\n\n\n<div class=\"wp-block-media-text is-stacked-on-mobile\" style=\"grid-template-columns:60% auto\"><figure class=\"wp-block-media-text__media\"><img decoding=\"async\" width=\"605\" height=\"453\" src=\"https:\/\/ee.mlfmonde.org\/ashgabat-bouygues\/wp-content\/uploads\/sites\/15\/2025\/10\/Photo-2-1.jpg\" alt=\"\" class=\"wp-image-5588 size-full\" srcset=\"https:\/\/ee.mlfmonde.org\/ashgabat-bouygues\/wp-content\/uploads\/sites\/15\/2025\/10\/Photo-2-1.jpg 605w, https:\/\/ee.mlfmonde.org\/ashgabat-bouygues\/wp-content\/uploads\/sites\/15\/2025\/10\/Photo-2-1-300x225.jpg 300w\" sizes=\"(max-width: 605px) 100vw, 605px\" \/><\/figure><div class=\"wp-block-media-text__content\">\n<p>Ainsi, quatre affiches expliquent d\u2019o\u00f9 viennent les gaz CFC et comment ils ont g\u00e9n\u00e9r\u00e9 ce \u00ab&nbsp;trou dans la couche d\u2019ozone&nbsp;\u00bb au-dessus de l\u2019Antarctique. Deux autres d\u00e9crivent le Protocole de Montr\u00e9al de 1987, c\u2019est-\u00e0-dire le processus diplomatique multilat\u00e9ral ayant permis d\u2019interdire les gaz CFC dans l\u2019industrie et de les remplacer par l\u2019utilisation du gaz HFC, rendant possible la pr\u00e9servation de la couche d\u2019ozone. Une derni\u00e8re affiche enfin, montre qu\u2019un nouveau probl\u00e8me s\u2019est manifest\u00e9, notamment engendr\u00e9 par l\u2019utilisation de ces gaz HFC, avec le gaz \u00e0 effet de serre additionnel. <br>Ce ph\u00e9nom\u00e8ne \u00e0 l\u2019origine du r\u00e9chauffement climatique a sollicit\u00e9 de nombreux acteurs internationaux, mais n\u2019a pas encore \u00e9t\u00e9 solutionn\u00e9, ce que les \u00e9l\u00e8ves ont bien montr\u00e9 dans leurs affiches.<\/p>\n<\/div><\/div>\n\n\n\n<p><br><strong>Les affiches r\u00e9alis\u00e9es par les \u00e9l\u00e8ves pour expliquer les m\u00e9canismes \u00e0 l\u2019origine du trou dans la couche d\u2019ozone et de sa r\u00e9sorption sont expos\u00e9es dans le couloir de l\u2019\u00e9cole fran\u00e7aise MLF Bouygues. <\/strong><\/p>\n\n\n\n<p>Les \u00e9l\u00e8ves sont particuli\u00e8rement fiers de leurs productions et souhaitent les partager avec l\u2019ensemble de la communaut\u00e9 \u00e9ducative ainsi qu\u2019avec les acteurs de la d\u00e9fense de l\u2019environnement au Turkm\u00e9nistan. Nous vous invitons donc \u00e0 venir consulter ces affiches \u00e0 la fois riches, pr\u00e9cises et synth\u00e9tiques dans le couloir principal de l\u2019\u00e9tablissement. Cette initiative fait partie d\u2019un ensemble de projets qui sont men\u00e9s par l\u2019\u00e9cole fran\u00e7aise MLF Bouygues, sur les questions environnementales. Apr\u00e8s cette premi\u00e8re \u00e9tude environnementale \u00e0 l\u2019\u00e9chelle internationale, les \u00e9l\u00e8ves et leurs professeurs souhaitent s\u2019engager sur un deuxi\u00e8me projet, \u00e0 l\u2019\u00e9chelle locale, cette fois-ci, qui porterait sur la mer Caspienne, son ass\u00e8chement progressif, et les cons\u00e9quences que cela pourrait avoir sur le Turkm\u00e9nistan.<\/p>\n","protected":false},"excerpt":{"rendered":"<p>Il y a quarante ans, les nations se sont r\u00e9unies pour la protection de la couche d&rsquo;ozone et ont convenu de prendre les mesures appropri\u00e9es pour prot\u00e9ger les populations et la plan\u00e8te contre les rayons UV nocifs qui traversent une couche d&rsquo;ozone potentiellement endommag\u00e9e. Chaque ann\u00e9e, le 16 septembre, nous c\u00e9l\u00e9brons cette r\u00e9ussite \u00e0 travers [&hellip;]<\/p>\n","protected":false},"author":105,"featured_media":5590,"comment_status":"open","ping_status":"open","sticky":false,"template":"","format":"standard","meta":{"_acf_changed":false,"footnotes":""},"categories":[87],"tags":[],"class_list":{"0":"post-5585","1":"post","2":"type-post","3":"status-publish","4":"format-standard","5":"has-post-thumbnail","7":"category-2025-2026-2","8":"czr-hentry"},"acf":[],"_links":{"self":[{"href":"https:\/\/ee.mlfmonde.org\/ashgabat-bouygues\/wp-json\/wp\/v2\/posts\/5585","targetHints":{"allow":["GET"]}}],"collection":[{"href":"https:\/\/ee.mlfmonde.org\/ashgabat-bouygues\/wp-json\/wp\/v2\/posts"}],"about":[{"href":"https:\/\/ee.mlfmonde.org\/ashgabat-bouygues\/wp-json\/wp\/v2\/types\/post"}],"author":[{"embeddable":true,"href":"https:\/\/ee.mlfmonde.org\/ashgabat-bouygues\/wp-json\/wp\/v2\/users\/105"}],"replies":[{"embeddable":true,"href":"https:\/\/ee.mlfmonde.org\/ashgabat-bouygues\/wp-json\/wp\/v2\/comments?post=5585"}],"version-history":[{"count":6,"href":"https:\/\/ee.mlfmonde.org\/ashgabat-bouygues\/wp-json\/wp\/v2\/posts\/5585\/revisions"}],"predecessor-version":[{"id":5605,"href":"https:\/\/ee.mlfmonde.org\/ashgabat-bouygues\/wp-json\/wp\/v2\/posts\/5585\/revisions\/5605"}],"wp:featuredmedia":[{"embeddable":true,"href":"https:\/\/ee.mlfmonde.org\/ashgabat-bouygues\/wp-json\/wp\/v2\/media\/5590"}],"wp:attachment":[{"href":"https:\/\/ee.mlfmonde.org\/ashgabat-bouygues\/wp-json\/wp\/v2\/media?parent=5585"}],"wp:term":[{"taxonomy":"category","embeddable":true,"href":"https:\/\/ee.mlfmonde.org\/ashgabat-bouygues\/wp-json\/wp\/v2\/categories?post=5585"},{"taxonomy":"post_tag","embeddable":true,"href":"https:\/\/ee.mlfmonde.org\/ashgabat-bouygues\/wp-json\/wp\/v2\/tags?post=5585"}],"curies":[{"name":"wp","href":"https:\/\/api.w.org\/{rel}","templated":true}]}}