{"id":5141,"date":"2025-03-06T08:38:27","date_gmt":"2025-03-06T03:38:27","guid":{"rendered":"https:\/\/ee.mlfmonde.org\/ashgabat-bouygues\/?p=5141"},"modified":"2025-03-07T09:34:27","modified_gmt":"2025-03-07T04:34:27","slug":"notre-carnaval-2025-assiste-par-ia","status":"publish","type":"post","link":"https:\/\/ee.mlfmonde.org\/ashgabat-bouygues\/notre-carnaval-2025-assiste-par-ia\/","title":{"rendered":"F\u00eate de Carnaval 2025"},"content":{"rendered":"\n<div class=\"wp-block-media-text is-stacked-on-mobile\" style=\"grid-template-columns:40% auto\"><figure class=\"wp-block-media-text__media\"><img fetchpriority=\"high\" decoding=\"async\" width=\"494\" height=\"340\" src=\"https:\/\/ee.mlfmonde.org\/ashgabat-bouygues\/wp-content\/uploads\/sites\/15\/2025\/03\/Carnaval-2025.jpg\" alt=\"\" class=\"wp-image-5142 size-full\" srcset=\"https:\/\/ee.mlfmonde.org\/ashgabat-bouygues\/wp-content\/uploads\/sites\/15\/2025\/03\/Carnaval-2025.jpg 494w, https:\/\/ee.mlfmonde.org\/ashgabat-bouygues\/wp-content\/uploads\/sites\/15\/2025\/03\/Carnaval-2025-300x206.jpg 300w\" sizes=\"(max-width: 494px) 100vw, 494px\" \/><\/figure><div class=\"wp-block-media-text__content\">\n<p>Cette ann\u00e9e, avec l&rsquo;appui de sa <strong>C<\/strong>lasse <strong>C<\/strong>ulturelle <strong>N<\/strong>um\u00e9rique <em><strong>Intelligence Artificielle et Cr\u00e9ativit\u00e9<\/strong><\/em>, notre enseignante <strong>Rita Fares<\/strong> a r\u00e9alis\u00e9 un film couvrant notre f\u00eate de Carnaval.<br><br>Chanson du film : paroles : <strong>Rita Fares<\/strong> &#8211; voix &amp; musique : <strong>IA<\/strong>.<br><br>Bravo pour cette production avant-gardiste et merci \u00e0 tous les participants !<br><br>Pour voir le film, cliquer <strong><a href=\"https:\/\/youtu.be\/WsW9mNkUaA8\">ici<\/a><\/strong>.<br><\/p>\n<\/div><\/div>\n\n\n\n<p><\/p>\n","protected":false},"excerpt":{"rendered":"<p>Cette ann\u00e9e, avec l&rsquo;appui de sa Classe Culturelle Num\u00e9rique Intelligence Artificielle et Cr\u00e9ativit\u00e9, notre enseignante Rita Fares a r\u00e9alis\u00e9 un film couvrant notre f\u00eate de Carnaval. Chanson du film : paroles : Rita Fares &#8211; voix &amp; musique : IA. Bravo pour cette production avant-gardiste et merci \u00e0 tous les participants ! Pour voir le [&hellip;]<\/p>\n","protected":false},"author":105,"featured_media":5143,"comment_status":"open","ping_status":"open","sticky":false,"template":"","format":"standard","meta":{"_acf_changed":false,"footnotes":""},"categories":[85],"tags":[],"class_list":{"0":"post-5141","1":"post","2":"type-post","3":"status-publish","4":"format-standard","5":"has-post-thumbnail","7":"category-2024-2025","8":"czr-hentry"},"acf":[],"_links":{"self":[{"href":"https:\/\/ee.mlfmonde.org\/ashgabat-bouygues\/wp-json\/wp\/v2\/posts\/5141","targetHints":{"allow":["GET"]}}],"collection":[{"href":"https:\/\/ee.mlfmonde.org\/ashgabat-bouygues\/wp-json\/wp\/v2\/posts"}],"about":[{"href":"https:\/\/ee.mlfmonde.org\/ashgabat-bouygues\/wp-json\/wp\/v2\/types\/post"}],"author":[{"embeddable":true,"href":"https:\/\/ee.mlfmonde.org\/ashgabat-bouygues\/wp-json\/wp\/v2\/users\/105"}],"replies":[{"embeddable":true,"href":"https:\/\/ee.mlfmonde.org\/ashgabat-bouygues\/wp-json\/wp\/v2\/comments?post=5141"}],"version-history":[{"count":9,"href":"https:\/\/ee.mlfmonde.org\/ashgabat-bouygues\/wp-json\/wp\/v2\/posts\/5141\/revisions"}],"predecessor-version":[{"id":5156,"href":"https:\/\/ee.mlfmonde.org\/ashgabat-bouygues\/wp-json\/wp\/v2\/posts\/5141\/revisions\/5156"}],"wp:featuredmedia":[{"embeddable":true,"href":"https:\/\/ee.mlfmonde.org\/ashgabat-bouygues\/wp-json\/wp\/v2\/media\/5143"}],"wp:attachment":[{"href":"https:\/\/ee.mlfmonde.org\/ashgabat-bouygues\/wp-json\/wp\/v2\/media?parent=5141"}],"wp:term":[{"taxonomy":"category","embeddable":true,"href":"https:\/\/ee.mlfmonde.org\/ashgabat-bouygues\/wp-json\/wp\/v2\/categories?post=5141"},{"taxonomy":"post_tag","embeddable":true,"href":"https:\/\/ee.mlfmonde.org\/ashgabat-bouygues\/wp-json\/wp\/v2\/tags?post=5141"}],"curies":[{"name":"wp","href":"https:\/\/api.w.org\/{rel}","templated":true}]}}