{"id":3968,"date":"2023-12-29T10:21:38","date_gmt":"2023-12-29T05:21:38","guid":{"rendered":"http:\/\/ee.mlfmonde.org\/ashgabat-bouygues\/?p=3968"},"modified":"2025-01-28T14:18:11","modified_gmt":"2025-01-28T09:18:11","slug":"ulug-depe-royaume-oublie-du-turkmenistan","status":"publish","type":"post","link":"https:\/\/ee.mlfmonde.org\/ashgabat-bouygues\/ulug-depe-royaume-oublie-du-turkmenistan\/","title":{"rendered":"Excursion \u00e0 Ulug D\u00e9p\u00e9, royaume oubli\u00e9 du Turkm\u00e9nistan"},"content":{"rendered":"<table style=\"height: 1751px\" width=\"840\">\n<tbody>\n<tr>\n<td width=\"697\">Le dimanche 5 novembre 2023, au petit matin, les \u00e9l\u00e8ves de l\u2019\u00e9cole MLF Bouygues, les enseignants et quelques parents\u00a0<img fetchpriority=\"high\" decoding=\"async\" class=\" wp-image-3980 alignright\" src=\"http:\/\/ee.mlfmonde.org\/ashgabat-bouygues\/wp-content\/uploads\/sites\/15\/2023\/12\/Premi\u00e8re-rencontre-avec-larch\u00e9ologue-Julio-Bendezu-Sarmiento.jpg\" alt=\"\" width=\"458\" height=\"308\" \/><span style=\"font-family: inherit;font-size: inherit\">accompagnateurs quitt\u00e8rent Ashgabat, en direction du sud-est, pour se rendre \u00e0 Dushak, petite bourgade situ\u00e9e \u00e0 175 km de la capitale, o\u00f9 se trouve la maison de fouille du site arch\u00e9ologique d\u2019Ulug D\u00e9p\u00e9.<\/span>\n<p>A notre arriv\u00e9e, nous f\u00fbmes chaleureusement accueillis par <a href=\"http:\/\/ee.mlfmonde.org\/ashgabat-bouygues\/wp-content\/uploads\/sites\/15\/2023\/12\/Qui-est-Julio-Bendezu-Sarmiento.pdf\" target=\"_blank\" rel=\"noopener\"><strong>Julio Bendezu-Sarmiento<\/strong><\/a>, le directeur de la Mission arch\u00e9ologique franco-turkm\u00e8ne. Ce dernier, nous pr\u00e9senta les diff\u00e9rents espaces de travail de la maison de fouille : la salle de conservation des artefacts, l&rsquo;atelier de restauration et de reconstitution (de poteries notamment), le laboratoire, la salle de dessin, d\u2019enregistrement et d&rsquo;archivage.<\/p>\n<p>Apr\u00e8s cette premi\u00e8re visite, nous nous restaur\u00e2mes autour d\u2019un succulent plov, le plat traditionnel local, compos\u00e9 essentiellement de riz et de viande de mouton. Mets roboratif, s&rsquo;il en est, et tout indiqu\u00e9 pour revigorer nos arch\u00e9ologues en culotte courte, avant l\u2019assaut de la citadelle d\u2019Ulug D\u00e9p\u00e9 et ses 5 000 ans d\u2019histoire !<\/p>\n<p>Les fouilles du site d&rsquo;Ulug D\u00e9p\u00e9 donneront lieu \u00e0 une exposition permanente, au Mus\u00e9e national des Beaux-Arts d&rsquo;Achgabat, ainsi qu&rsquo;\u00e0 une exposition temporaire, au Mus\u00e9e du Louvre de Paris.<\/p>\n<p>L\u2019organisation de ce voyage exceptionnel, en collaboration avec l&rsquo;<strong>ambassade de France<\/strong>, le directeur de l\u2019Institut fran\u00e7ais,<strong>\u00a0Romain Gouvernet<\/strong>\u00a0et la direction de BOUYGUES TKM,<strong>\u00a0Alexe\u00ef Rechov<\/strong>\u00a0et<strong>\u00a0Jean-Pierre Peroni<\/strong>, \u00e9tait la suite logique d\u2019une premi\u00e8re rencontre avec\u00a0<strong>Julio Bendezu-Sarmiento<\/strong>, le 10 juin 2023, au Centre Carbone Bouygues TKM. Entrevue durant laquelle l\u2019arch\u00e9ologue nous avait pr\u00e9sent\u00e9 le film documentaire<strong><em> Les royaumes oubli\u00e9s du Turkm\u00e9nistan<\/em><\/strong>, consacr\u00e9 \u00e0 <strong>la civilisation de l\u2019Oxus<\/strong>, dont on retrouve les traces sur le site arch\u00e9ologique d&rsquo;Ulug D\u00e9p\u00e9.<\/p>\n<p>La projection du film et les \u00e9changes qui suivirent suscit\u00e8rent l&rsquo;\u00e9merveillement et l\u2019enthousiasme des \u00e9l\u00e8ves. Il devenait imp\u00e9ratif de se rendre in situ\u00a0!<\/p>\n<p>Cette journ\u00e9e d\u2019exploration, sous la houlette du directeur de la Mission arch\u00e9ologique franco-turkm\u00e8ne, fut un immense privil\u00e8ge. L\u2019\u00e9cole remercie tous les acteurs ayant rendu possible ce voyage dans la protohistoire turkm\u00e8ne.<\/p>\n<p>Pour tout savoir sur le sujet, voici deux textes riches et passionnants : un article documentaire intitul\u00e9 <a href=\"http:\/\/ee.mlfmonde.org\/ashgabat-bouygues\/wp-content\/uploads\/sites\/15\/2023\/12\/Ulug-D\u00e9p\u00e9-royaume-oubli\u00e9-du-Turkm\u00e9nistan-2-10.pdf\" target=\"_blank\" rel=\"noopener\"><strong>Ulug D\u00e9p\u00e9 royaume oubli\u00e9 du Turkm\u00e9nistan<\/strong><\/a> ainsi qu\u2019un dossier sur <a href=\"http:\/\/ee.mlfmonde.org\/ashgabat-bouygues\/wp-content\/uploads\/sites\/15\/2023\/12\/La-civilisation-de-l\u2019Oxus.pdf\" target=\"_blank\" rel=\"noopener\"><strong>la civilisation de l\u2019Oxus<\/strong><\/a>.<br \/>A voir \u00e9galement, sous la galerie photo, le film documentaire de la cha\u00eene Arte :<strong><em>\u00a0Les royaumes oubli\u00e9s du Turkm\u00e9nistan.<\/em><\/strong><\/p>\n<\/td>\n<\/tr>\n<tr>\n<td width=\"697\"><strong>Galerie des photos comment\u00e9es de notre voyage. Cliquer sur les miniatures pour agrandir<\/strong>\u00a0<strong>:<\/strong>\n\n\t\t<style type=\"text\/css\">\n\t\t\t#gallery-1 {\n\t\t\t\tmargin: auto;\n\t\t\t}\n\t\t\t#gallery-1 .gallery-item {\n\t\t\t\tfloat: left;\n\t\t\t\tmargin-top: 10px;\n\t\t\t\ttext-align: center;\n\t\t\t\twidth: 20%;\n\t\t\t}\n\t\t\t#gallery-1 img {\n\t\t\t\tborder: 2px solid #cfcfcf;\n\t\t\t}\n\t\t\t#gallery-1 .gallery-caption {\n\t\t\t\tmargin-left: 0;\n\t\t\t}\n\t\t\t\/* see gallery_shortcode() in wp-includes\/media.php *\/\n\t\t<\/style>\n\t\t<div id='gallery-1' class='gallery galleryid-3968 gallery-columns-5 gallery-size-thumbnail'><dl class='gallery-item'>\n\t\t\t<dt class='gallery-icon landscape'>\n\t\t\t\t<a class=\"grouped_elements\" rel=\"tc-fancybox-group\" href=\"https:\/\/ee.mlfmonde.org\/ashgabat-bouygues\/wp-content\/uploads\/sites\/15\/2023\/12\/Premi\u00e8re-rencontre-avec-larch\u00e9ologue-Julio-Bendezu-Sarmiento-au-Centre-Carbon-Bouygues-TKM-le-10-06-23..jpg\" title=\"Premi\u00e8re rencontre avec l&#039;arch\u00e9ologue Julio Bendezu-Sarmiento, au Centre Carbon Bouygues TKM, le 10-06-23.\"><img decoding=\"async\" width=\"150\" height=\"150\" src=\"https:\/\/ee.mlfmonde.org\/ashgabat-bouygues\/wp-content\/uploads\/sites\/15\/2023\/12\/Premi\u00e8re-rencontre-avec-larch\u00e9ologue-Julio-Bendezu-Sarmiento-au-Centre-Carbon-Bouygues-TKM-le-10-06-23.-150x150.jpg\" class=\"attachment-thumbnail size-thumbnail\" alt=\"\" \/><\/a>\n\t\t\t<\/dt><\/dl><dl class='gallery-item'>\n\t\t\t<dt class='gallery-icon landscape'>\n\t\t\t\t<a class=\"grouped_elements\" rel=\"tc-fancybox-group\" href=\"https:\/\/ee.mlfmonde.org\/ashgabat-bouygues\/wp-content\/uploads\/sites\/15\/2023\/12\/Dimanche-05-11-23-le-bus-affr\u00e9t\u00e9-par-M.-Peroni-nous-attend..jpg\" title=\"Dimanche 05-11-23, le bus affr\u00e9t\u00e9 par M. Peroni nous attend.\"><img decoding=\"async\" width=\"150\" height=\"150\" src=\"https:\/\/ee.mlfmonde.org\/ashgabat-bouygues\/wp-content\/uploads\/sites\/15\/2023\/12\/Dimanche-05-11-23-le-bus-affr\u00e9t\u00e9-par-M.-Peroni-nous-attend.-150x150.jpg\" class=\"attachment-thumbnail size-thumbnail\" alt=\"\" \/><\/a>\n\t\t\t<\/dt><\/dl><dl class='gallery-item'>\n\t\t\t<dt class='gallery-icon landscape'>\n\t\t\t\t<a class=\"grouped_elements\" rel=\"tc-fancybox-group\" href=\"https:\/\/ee.mlfmonde.org\/ashgabat-bouygues\/wp-content\/uploads\/sites\/15\/2023\/12\/Les-apprentis-arch\u00e9ologues-embarquent-en-classe-VIP-destination-Ulug-D\u00e9p\u00e9..jpg\" title=\"Les apprentis arch\u00e9ologues embarquent en classe VIP, destination Ulug D\u00e9p\u00e9.\"><img loading=\"lazy\" decoding=\"async\" width=\"150\" height=\"150\" src=\"https:\/\/ee.mlfmonde.org\/ashgabat-bouygues\/wp-content\/uploads\/sites\/15\/2023\/12\/Les-apprentis-arch\u00e9ologues-embarquent-en-classe-VIP-destination-Ulug-D\u00e9p\u00e9.-150x150.jpg\" class=\"attachment-thumbnail size-thumbnail\" alt=\"\" \/><\/a>\n\t\t\t<\/dt><\/dl><dl class='gallery-item'>\n\t\t\t<dt class='gallery-icon landscape'>\n\t\t\t\t<a class=\"grouped_elements\" rel=\"tc-fancybox-group\" href=\"https:\/\/ee.mlfmonde.org\/ashgabat-bouygues\/wp-content\/uploads\/sites\/15\/2023\/12\/Nous-quittons-Ashgabat-direction-sud-est-dans-le-desert-du-Karakoum.jpg\" title=\"Nous quittons Ashgabat, direction sud-est, dans le desert du Karakoum\"><img loading=\"lazy\" decoding=\"async\" width=\"150\" height=\"150\" src=\"https:\/\/ee.mlfmonde.org\/ashgabat-bouygues\/wp-content\/uploads\/sites\/15\/2023\/12\/Nous-quittons-Ashgabat-direction-sud-est-dans-le-desert-du-Karakoum-150x150.jpg\" class=\"attachment-thumbnail size-thumbnail\" alt=\"\" \/><\/a>\n\t\t\t<\/dt><\/dl><dl class='gallery-item'>\n\t\t\t<dt class='gallery-icon landscape'>\n\t\t\t\t<a class=\"grouped_elements\" rel=\"tc-fancybox-group\" href=\"https:\/\/ee.mlfmonde.org\/ashgabat-bouygues\/wp-content\/uploads\/sites\/15\/2023\/12\/Arriv\u00e9e-\u00e0-la-maison-de-fouille-de-Dushak.-Nous-sommes-accueillis-par-Julio-Bendezu-Sarmiento.jpg\" title=\"Arriv\u00e9e \u00e0 la maison de fouille de Dushak. Nous sommes accueillis par Julio Bendezu-Sarmiento\"><img loading=\"lazy\" decoding=\"async\" width=\"150\" height=\"150\" src=\"https:\/\/ee.mlfmonde.org\/ashgabat-bouygues\/wp-content\/uploads\/sites\/15\/2023\/12\/Arriv\u00e9e-\u00e0-la-maison-de-fouille-de-Dushak.-Nous-sommes-accueillis-par-Julio-Bendezu-Sarmiento-150x150.jpg\" class=\"attachment-thumbnail size-thumbnail\" alt=\"\" \/><\/a>\n\t\t\t<\/dt><\/dl><br style=\"clear: both\" \/><dl class='gallery-item'>\n\t\t\t<dt class='gallery-icon landscape'>\n\t\t\t\t<a class=\"grouped_elements\" rel=\"tc-fancybox-group\" href=\"https:\/\/ee.mlfmonde.org\/ashgabat-bouygues\/wp-content\/uploads\/sites\/15\/2023\/12\/Fresque-retra\u00e7ant-la-Mission-arch\u00e9ologique-franco-turkm\u00e8ne..jpg\" title=\"Fresque retra\u00e7ant la Mission arch\u00e9ologique franco-turkm\u00e8ne.\"><img loading=\"lazy\" decoding=\"async\" width=\"150\" height=\"150\" src=\"https:\/\/ee.mlfmonde.org\/ashgabat-bouygues\/wp-content\/uploads\/sites\/15\/2023\/12\/Fresque-retra\u00e7ant-la-Mission-arch\u00e9ologique-franco-turkm\u00e8ne.-150x150.jpg\" class=\"attachment-thumbnail size-thumbnail\" alt=\"\" \/><\/a>\n\t\t\t<\/dt><\/dl><dl class='gallery-item'>\n\t\t\t<dt class='gallery-icon portrait'>\n\t\t\t\t<a class=\"grouped_elements\" rel=\"tc-fancybox-group\" href=\"https:\/\/ee.mlfmonde.org\/ashgabat-bouygues\/wp-content\/uploads\/sites\/15\/2023\/12\/unnamed-file.jpg\" title=\"..\"><img loading=\"lazy\" decoding=\"async\" width=\"150\" height=\"150\" src=\"https:\/\/ee.mlfmonde.org\/ashgabat-bouygues\/wp-content\/uploads\/sites\/15\/2023\/12\/unnamed-file-150x150.jpg\" class=\"attachment-thumbnail size-thumbnail\" alt=\"\" \/><\/a>\n\t\t\t<\/dt><\/dl><dl class='gallery-item'>\n\t\t\t<dt class='gallery-icon landscape'>\n\t\t\t\t<a class=\"grouped_elements\" rel=\"tc-fancybox-group\" href=\"https:\/\/ee.mlfmonde.org\/ashgabat-bouygues\/wp-content\/uploads\/sites\/15\/2023\/12\/La-visite-de-la-maison-de-fouille-d\u00e9bute-par-la-pr\u00e9sentation-dun-bloc-dargile-renfermant-des-ossements-humains.jpg\" title=\"La visite de la maison de fouille d\u00e9bute par la pr\u00e9sentation d&#039;un bloc d&#039;argile renfermant des ossements humains\"><img loading=\"lazy\" decoding=\"async\" width=\"150\" height=\"150\" src=\"https:\/\/ee.mlfmonde.org\/ashgabat-bouygues\/wp-content\/uploads\/sites\/15\/2023\/12\/La-visite-de-la-maison-de-fouille-d\u00e9bute-par-la-pr\u00e9sentation-dun-bloc-dargile-renfermant-des-ossements-humains-150x150.jpg\" class=\"attachment-thumbnail size-thumbnail\" alt=\"\" \/><\/a>\n\t\t\t<\/dt><\/dl><dl class='gallery-item'>\n\t\t\t<dt class='gallery-icon portrait'>\n\t\t\t\t<a class=\"grouped_elements\" rel=\"tc-fancybox-group\" href=\"https:\/\/ee.mlfmonde.org\/ashgabat-bouygues\/wp-content\/uploads\/sites\/15\/2023\/12\/Salle-de-restaurationt-et-de-reconstitution..jpg\" title=\"Salle de restaurationt et de reconstitution.\"><img loading=\"lazy\" decoding=\"async\" width=\"150\" height=\"150\" src=\"https:\/\/ee.mlfmonde.org\/ashgabat-bouygues\/wp-content\/uploads\/sites\/15\/2023\/12\/Salle-de-restaurationt-et-de-reconstitution.-150x150.jpg\" class=\"attachment-thumbnail size-thumbnail\" alt=\"\" \/><\/a>\n\t\t\t<\/dt><\/dl><dl class='gallery-item'>\n\t\t\t<dt class='gallery-icon portrait'>\n\t\t\t\t<a class=\"grouped_elements\" rel=\"tc-fancybox-group\" href=\"https:\/\/ee.mlfmonde.org\/ashgabat-bouygues\/wp-content\/uploads\/sites\/15\/2023\/12\/Reconstitution-de-poteries..jpg\" title=\"Reconstitution de poteries.\"><img loading=\"lazy\" decoding=\"async\" width=\"150\" height=\"150\" src=\"https:\/\/ee.mlfmonde.org\/ashgabat-bouygues\/wp-content\/uploads\/sites\/15\/2023\/12\/Reconstitution-de-poteries.-150x150.jpg\" class=\"attachment-thumbnail size-thumbnail\" alt=\"\" \/><\/a>\n\t\t\t<\/dt><\/dl><br style=\"clear: both\" \/><dl class='gallery-item'>\n\t\t\t<dt class='gallery-icon landscape'>\n\t\t\t\t<a class=\"grouped_elements\" rel=\"tc-fancybox-group\" href=\"https:\/\/ee.mlfmonde.org\/ashgabat-bouygues\/wp-content\/uploads\/sites\/15\/2023\/12\/Collection-de-poteries-provenant-du-site-de-fouille..jpg\" title=\"Collection de poteries provenant du site de fouille.\"><img loading=\"lazy\" decoding=\"async\" width=\"150\" height=\"150\" src=\"https:\/\/ee.mlfmonde.org\/ashgabat-bouygues\/wp-content\/uploads\/sites\/15\/2023\/12\/Collection-de-poteries-provenant-du-site-de-fouille.-150x150.jpg\" class=\"attachment-thumbnail size-thumbnail\" alt=\"\" \/><\/a>\n\t\t\t<\/dt><\/dl><dl class='gallery-item'>\n\t\t\t<dt class='gallery-icon portrait'>\n\t\t\t\t<a class=\"grouped_elements\" rel=\"tc-fancybox-group\" href=\"https:\/\/ee.mlfmonde.org\/ashgabat-bouygues\/wp-content\/uploads\/sites\/15\/2023\/12\/Salle-de-dessin..jpg\" title=\"Salle de dessin.\"><img loading=\"lazy\" decoding=\"async\" width=\"150\" height=\"150\" src=\"https:\/\/ee.mlfmonde.org\/ashgabat-bouygues\/wp-content\/uploads\/sites\/15\/2023\/12\/Salle-de-dessin.-150x150.jpg\" class=\"attachment-thumbnail size-thumbnail\" alt=\"\" \/><\/a>\n\t\t\t<\/dt><\/dl><dl class='gallery-item'>\n\t\t\t<dt class='gallery-icon landscape'>\n\t\t\t\t<a class=\"grouped_elements\" rel=\"tc-fancybox-group\" href=\"https:\/\/ee.mlfmonde.org\/ashgabat-bouygues\/wp-content\/uploads\/sites\/15\/2023\/12\/Exemple-de-reproduction-r\u00e9alis\u00e9e-par-une-dessinatrice-arch\u00e9ologue..jpg\" title=\"Exemple de reproduction r\u00e9alis\u00e9e par une dessinatrice arch\u00e9ologue.\"><img loading=\"lazy\" decoding=\"async\" width=\"150\" height=\"150\" src=\"https:\/\/ee.mlfmonde.org\/ashgabat-bouygues\/wp-content\/uploads\/sites\/15\/2023\/12\/Exemple-de-reproduction-r\u00e9alis\u00e9e-par-une-dessinatrice-arch\u00e9ologue.-150x150.jpg\" class=\"attachment-thumbnail size-thumbnail\" alt=\"\" \/><\/a>\n\t\t\t<\/dt><\/dl><dl class='gallery-item'>\n\t\t\t<dt class='gallery-icon landscape'>\n\t\t\t\t<a class=\"grouped_elements\" rel=\"tc-fancybox-group\" href=\"https:\/\/ee.mlfmonde.org\/ashgabat-bouygues\/wp-content\/uploads\/sites\/15\/2023\/12\/Salle-denregistrement-des-pi\u00e8ces-restaur\u00e9es..jpg\" title=\"Salle d&#039;enregistrement des pi\u00e8ces restaur\u00e9es.\"><img loading=\"lazy\" decoding=\"async\" width=\"150\" height=\"150\" src=\"https:\/\/ee.mlfmonde.org\/ashgabat-bouygues\/wp-content\/uploads\/sites\/15\/2023\/12\/Salle-denregistrement-des-pi\u00e8ces-restaur\u00e9es.-150x150.jpg\" class=\"attachment-thumbnail size-thumbnail\" alt=\"\" \/><\/a>\n\t\t\t<\/dt><\/dl><dl class='gallery-item'>\n\t\t\t<dt class='gallery-icon portrait'>\n\t\t\t\t<a class=\"grouped_elements\" rel=\"tc-fancybox-group\" href=\"https:\/\/ee.mlfmonde.org\/ashgabat-bouygues\/wp-content\/uploads\/sites\/15\/2023\/12\/Julio-nous-pr\u00e9sente-son-v\u00e9hicule-de-fonction-un-l\u00e9gendaire-side-car-russe-Ural..jpg\" title=\"Julio nous pr\u00e9sente son v\u00e9hicule de fonction, un l\u00e9gendaire side-car russe Ural.\"><img loading=\"lazy\" decoding=\"async\" width=\"150\" height=\"150\" src=\"https:\/\/ee.mlfmonde.org\/ashgabat-bouygues\/wp-content\/uploads\/sites\/15\/2023\/12\/Julio-nous-pr\u00e9sente-son-v\u00e9hicule-de-fonction-un-l\u00e9gendaire-side-car-russe-Ural.-150x150.jpg\" class=\"attachment-thumbnail size-thumbnail\" alt=\"\" \/><\/a>\n\t\t\t<\/dt><\/dl><br style=\"clear: both\" \/><dl class='gallery-item'>\n\t\t\t<dt class='gallery-icon landscape'>\n\t\t\t\t<a class=\"grouped_elements\" rel=\"tc-fancybox-group\" href=\"https:\/\/ee.mlfmonde.org\/ashgabat-bouygues\/wp-content\/uploads\/sites\/15\/2023\/12\/Nous-voil\u00e0-in-situ-au-pied-de-la-citadelle-enfouie-dUlug-D\u00e9p\u00e9..jpg\" title=\"Nous voil\u00e0 in situ, au pied de la citadelle enfouie d&#039;Ulug D\u00e9p\u00e9.\"><img loading=\"lazy\" decoding=\"async\" width=\"150\" height=\"150\" src=\"https:\/\/ee.mlfmonde.org\/ashgabat-bouygues\/wp-content\/uploads\/sites\/15\/2023\/12\/Nous-voil\u00e0-in-situ-au-pied-de-la-citadelle-enfouie-dUlug-D\u00e9p\u00e9.-150x150.jpg\" class=\"attachment-thumbnail size-thumbnail\" alt=\"\" \/><\/a>\n\t\t\t<\/dt><\/dl><dl class='gallery-item'>\n\t\t\t<dt class='gallery-icon portrait'>\n\t\t\t\t<a class=\"grouped_elements\" rel=\"tc-fancybox-group\" href=\"https:\/\/ee.mlfmonde.org\/ashgabat-bouygues\/wp-content\/uploads\/sites\/15\/2023\/12\/Julio-sadresse-aux-ombres-du-d\u00e9sert-du-Karakoum..jpg\" title=\"Julio s&#039;adresse aux ombres du d\u00e9sert du Karakoum.\"><img loading=\"lazy\" decoding=\"async\" width=\"150\" height=\"150\" src=\"https:\/\/ee.mlfmonde.org\/ashgabat-bouygues\/wp-content\/uploads\/sites\/15\/2023\/12\/Julio-sadresse-aux-ombres-du-d\u00e9sert-du-Karakoum.-150x150.jpg\" class=\"attachment-thumbnail size-thumbnail\" alt=\"\" \/><\/a>\n\t\t\t<\/dt><\/dl><dl class='gallery-item'>\n\t\t\t<dt class='gallery-icon landscape'>\n\t\t\t\t<a class=\"grouped_elements\" rel=\"tc-fancybox-group\" href=\"https:\/\/ee.mlfmonde.org\/ashgabat-bouygues\/wp-content\/uploads\/sites\/15\/2023\/12\/Alexei-Rechov-et-Erwan-Bortoli-en-haut-des-murs-de-fortification-de-la-citadelle-dUlug-D\u00e9p\u00e9..jpg\" title=\"Alexei Rechov et Erwan Bortoli, en haut des murs de fortification de la citadelle d&#039;Ulug D\u00e9p\u00e9.\"><img loading=\"lazy\" decoding=\"async\" width=\"150\" height=\"150\" src=\"https:\/\/ee.mlfmonde.org\/ashgabat-bouygues\/wp-content\/uploads\/sites\/15\/2023\/12\/Alexei-Rechov-et-Erwan-Bortoli-en-haut-des-murs-de-fortification-de-la-citadelle-dUlug-D\u00e9p\u00e9.-150x150.jpg\" class=\"attachment-thumbnail size-thumbnail\" alt=\"\" \/><\/a>\n\t\t\t<\/dt><\/dl><dl class='gallery-item'>\n\t\t\t<dt class='gallery-icon portrait'>\n\t\t\t\t<a class=\"grouped_elements\" rel=\"tc-fancybox-group\" href=\"https:\/\/ee.mlfmonde.org\/ashgabat-bouygues\/wp-content\/uploads\/sites\/15\/2023\/12\/Julio-donne-ses-consignes-de-fouille-aux-apprentis-arch\u00e9ologues-en-qu\u00eate-de-tr\u00e9sor-perdu..jpg\" title=\"Julio donne ses consignes de fouille aux apprentis arch\u00e9ologues en qu\u00eate de tr\u00e9sor perdu.\"><img loading=\"lazy\" decoding=\"async\" width=\"150\" height=\"150\" src=\"https:\/\/ee.mlfmonde.org\/ashgabat-bouygues\/wp-content\/uploads\/sites\/15\/2023\/12\/Julio-donne-ses-consignes-de-fouille-aux-apprentis-arch\u00e9ologues-en-qu\u00eate-de-tr\u00e9sor-perdu.-150x150.jpg\" class=\"attachment-thumbnail size-thumbnail\" alt=\"\" \/><\/a>\n\t\t\t<\/dt><\/dl><dl class='gallery-item'>\n\t\t\t<dt class='gallery-icon portrait'>\n\t\t\t\t<a class=\"grouped_elements\" rel=\"tc-fancybox-group\" href=\"https:\/\/ee.mlfmonde.org\/ashgabat-bouygues\/wp-content\/uploads\/sites\/15\/2023\/12\/A-chacun-sa-petite-truelle.jpg\" title=\"A chacun sa petite truelle\"><img loading=\"lazy\" decoding=\"async\" width=\"150\" height=\"150\" src=\"https:\/\/ee.mlfmonde.org\/ashgabat-bouygues\/wp-content\/uploads\/sites\/15\/2023\/12\/A-chacun-sa-petite-truelle-150x150.jpg\" class=\"attachment-thumbnail size-thumbnail\" alt=\"\" \/><\/a>\n\t\t\t<\/dt><\/dl><br style=\"clear: both\" \/><dl class='gallery-item'>\n\t\t\t<dt class='gallery-icon portrait'>\n\t\t\t\t<a class=\"grouped_elements\" rel=\"tc-fancybox-group\" href=\"https:\/\/ee.mlfmonde.org\/ashgabat-bouygues\/wp-content\/uploads\/sites\/15\/2023\/12\/Malak-inaugure-la-Mission-de-fouille-des-arch\u00e9ologues-en-herbe-en-donnant-le-premier-coup-de-truelle..jpg\" title=\"Malak inaugure la Mission de fouille des arch\u00e9ologues en herbe, en donnant le premier coup de truelle.\"><img loading=\"lazy\" decoding=\"async\" width=\"150\" height=\"150\" src=\"https:\/\/ee.mlfmonde.org\/ashgabat-bouygues\/wp-content\/uploads\/sites\/15\/2023\/12\/Malak-inaugure-la-Mission-de-fouille-des-arch\u00e9ologues-en-herbe-en-donnant-le-premier-coup-de-truelle.-150x150.jpg\" class=\"attachment-thumbnail size-thumbnail\" alt=\"\" \/><\/a>\n\t\t\t<\/dt><\/dl><dl class='gallery-item'>\n\t\t\t<dt class='gallery-icon landscape'>\n\t\t\t\t<a class=\"grouped_elements\" rel=\"tc-fancybox-group\" href=\"https:\/\/ee.mlfmonde.org\/ashgabat-bouygues\/wp-content\/uploads\/sites\/15\/2023\/12\/Shirin-semble-sur-une-piste....jpg\" title=\"Shirin semble sur une piste...\"><img loading=\"lazy\" decoding=\"async\" width=\"150\" height=\"150\" src=\"https:\/\/ee.mlfmonde.org\/ashgabat-bouygues\/wp-content\/uploads\/sites\/15\/2023\/12\/Shirin-semble-sur-une-piste...-150x150.jpg\" class=\"attachment-thumbnail size-thumbnail\" alt=\"\" \/><\/a>\n\t\t\t<\/dt><\/dl><dl class='gallery-item'>\n\t\t\t<dt class='gallery-icon portrait'>\n\t\t\t\t<a class=\"grouped_elements\" rel=\"tc-fancybox-group\" href=\"https:\/\/ee.mlfmonde.org\/ashgabat-bouygues\/wp-content\/uploads\/sites\/15\/2023\/12\/Incroyable-trouvaille-Shirin-d\u00e9couvre-une-figurine-en-parfait-\u00e9tat-de-conservation-denviron-1000-ans-av-JC-.jpg\" title=\"Incroyable trouvaille ! Shirin d\u00e9couvre une figurine en parfait \u00e9tat de conservation, d&#039;environ 1000 ans av JC !\"><img loading=\"lazy\" decoding=\"async\" width=\"150\" height=\"150\" src=\"https:\/\/ee.mlfmonde.org\/ashgabat-bouygues\/wp-content\/uploads\/sites\/15\/2023\/12\/Incroyable-trouvaille-Shirin-d\u00e9couvre-une-figurine-en-parfait-\u00e9tat-de-conservation-denviron-1000-ans-av-JC--150x150.jpg\" class=\"attachment-thumbnail size-thumbnail\" alt=\"\" \/><\/a>\n\t\t\t<\/dt><\/dl><dl class='gallery-item'>\n\t\t\t<dt class='gallery-icon landscape'>\n\t\t\t\t<a class=\"grouped_elements\" rel=\"tc-fancybox-group\" href=\"https:\/\/ee.mlfmonde.org\/ashgabat-bouygues\/wp-content\/uploads\/sites\/15\/2023\/12\/Cest-avec-le-sourire-combl\u00e9-de-Shirin-que-sach\u00e8ve-cette-formidable-journ\u00e9e-.jpg\" title=\"C&#039;est avec le sourire combl\u00e9 de Shirin que s&#039;ach\u00e8ve cette formidable journ\u00e9e !\"><img loading=\"lazy\" decoding=\"async\" width=\"150\" height=\"150\" src=\"https:\/\/ee.mlfmonde.org\/ashgabat-bouygues\/wp-content\/uploads\/sites\/15\/2023\/12\/Cest-avec-le-sourire-combl\u00e9-de-Shirin-que-sach\u00e8ve-cette-formidable-journ\u00e9e--150x150.jpg\" class=\"attachment-thumbnail size-thumbnail\" alt=\"\" \/><\/a>\n\t\t\t<\/dt><\/dl><dl class='gallery-item'>\n\t\t\t<dt class='gallery-icon portrait'>\n\t\t\t\t<a class=\"grouped_elements\" rel=\"tc-fancybox-group\" href=\"https:\/\/ee.mlfmonde.org\/ashgabat-bouygues\/wp-content\/uploads\/sites\/15\/2023\/12\/Au-revoir-Julio-et-merci-pour-ce-fabuleux-voyage-dans-ce-royaume-oubli\u00e9-du-Turkm\u00e9nistan..jpg\" title=\"Au revoir Julio et merci pour ce fabuleux voyage dans ce royaume oubli\u00e9 du Turkm\u00e9nistan.\"><img loading=\"lazy\" decoding=\"async\" width=\"150\" height=\"150\" src=\"https:\/\/ee.mlfmonde.org\/ashgabat-bouygues\/wp-content\/uploads\/sites\/15\/2023\/12\/Au-revoir-Julio-et-merci-pour-ce-fabuleux-voyage-dans-ce-royaume-oubli\u00e9-du-Turkm\u00e9nistan.-150x150.jpg\" class=\"attachment-thumbnail size-thumbnail\" alt=\"\" \/><\/a>\n\t\t\t<\/dt><\/dl><br style=\"clear: both\" \/>\n\t\t<\/div>\n\n<\/td>\n<\/tr>\n<tr>\n<td width=\"697\"><strong><em>\u00a0<\/em><\/strong><\/td>\n<\/tr>\n<\/tbody>\n<\/table>\n\n\n<figure class=\"wp-block-embed is-type-video is-provider-dailymotion wp-block-embed-dailymotion wp-embed-aspect-16-9 wp-has-aspect-ratio\"><div class=\"wp-block-embed__wrapper\">\n<iframe title=\"Les royaumes oubli\u00e9s du Turkm\u00e9nistan _ ARTE\" frameborder=\"0\" width=\"1170\" height=\"658\" src=\"https:\/\/geo.dailymotion.com\/player.html?video=x8owql8&#038;\" allowfullscreen allow=\"autoplay; fullscreen; picture-in-picture; web-share\"><\/iframe>\n<\/div><\/figure>\n\n\n\n<p><\/p>\n","protected":false},"excerpt":{"rendered":"<p>Le dimanche 5 novembre 2023, au petit matin, les \u00e9l\u00e8ves de l\u2019\u00e9cole MLF Bouygues, les enseignants et quelques parents\u00a0accompagnateurs quitt\u00e8rent Ashgabat, en direction du sud-est, pour se rendre \u00e0 Dushak, petite bourgade situ\u00e9e \u00e0 175 km de la capitale, o\u00f9 se trouve la maison de fouille du site arch\u00e9ologique d\u2019Ulug D\u00e9p\u00e9. A notre arriv\u00e9e, nous [&hellip;]<\/p>\n","protected":false},"author":105,"featured_media":0,"comment_status":"open","ping_status":"open","sticky":false,"template":"","format":"standard","meta":{"_acf_changed":false,"footnotes":""},"categories":[84,82],"tags":[],"class_list":{"0":"post-3968","1":"post","2":"type-post","3":"status-publish","4":"format-standard","6":"category-2023-2024","7":"category-mon-carnet-de-voyage","8":"czr-hentry"},"acf":[],"_links":{"self":[{"href":"https:\/\/ee.mlfmonde.org\/ashgabat-bouygues\/wp-json\/wp\/v2\/posts\/3968","targetHints":{"allow":["GET"]}}],"collection":[{"href":"https:\/\/ee.mlfmonde.org\/ashgabat-bouygues\/wp-json\/wp\/v2\/posts"}],"about":[{"href":"https:\/\/ee.mlfmonde.org\/ashgabat-bouygues\/wp-json\/wp\/v2\/types\/post"}],"author":[{"embeddable":true,"href":"https:\/\/ee.mlfmonde.org\/ashgabat-bouygues\/wp-json\/wp\/v2\/users\/105"}],"replies":[{"embeddable":true,"href":"https:\/\/ee.mlfmonde.org\/ashgabat-bouygues\/wp-json\/wp\/v2\/comments?post=3968"}],"version-history":[{"count":73,"href":"https:\/\/ee.mlfmonde.org\/ashgabat-bouygues\/wp-json\/wp\/v2\/posts\/3968\/revisions"}],"predecessor-version":[{"id":5032,"href":"https:\/\/ee.mlfmonde.org\/ashgabat-bouygues\/wp-json\/wp\/v2\/posts\/3968\/revisions\/5032"}],"wp:attachment":[{"href":"https:\/\/ee.mlfmonde.org\/ashgabat-bouygues\/wp-json\/wp\/v2\/media?parent=3968"}],"wp:term":[{"taxonomy":"category","embeddable":true,"href":"https:\/\/ee.mlfmonde.org\/ashgabat-bouygues\/wp-json\/wp\/v2\/categories?post=3968"},{"taxonomy":"post_tag","embeddable":true,"href":"https:\/\/ee.mlfmonde.org\/ashgabat-bouygues\/wp-json\/wp\/v2\/tags?post=3968"}],"curies":[{"name":"wp","href":"https:\/\/api.w.org\/{rel}","templated":true}]}}