{"id":5751,"date":"2022-06-22T11:33:04","date_gmt":"2022-06-22T10:33:04","guid":{"rendered":"http:\/\/ee.mlfmonde.org\/aberdeen-total\/?p=5751"},"modified":"2022-06-23T11:20:35","modified_gmt":"2022-06-23T10:20:35","slug":"travail-inter-cycle-gs-ce2","status":"publish","type":"post","link":"https:\/\/ee.mlfmonde.org\/aberdeen-total\/travail-inter-cycle-gs-ce2\/","title":{"rendered":"Travail inter-cycle GS\/CE2 !"},"content":{"rendered":"<p>Lors de cette ann\u00e9e scolaire, les CE2 se sont joints aux \u00e9l\u00e8ves de grande section chaque fois que nous avons travaill\u00e9 sur un album.<br \/>\n<a href=\"http:\/\/ee.mlfmonde.org\/aberdeen-total\/wp-content\/uploads\/sites\/8\/2022\/06\/1.jpg\"><img fetchpriority=\"high\" decoding=\"async\" class=\"aligncenter size-full wp-image-5771\" src=\"http:\/\/ee.mlfmonde.org\/aberdeen-total\/wp-content\/uploads\/sites\/8\/2022\/06\/1.jpg\" alt=\"\" width=\"640\" height=\"480\" srcset=\"https:\/\/ee.mlfmonde.org\/aberdeen-total\/wp-content\/uploads\/sites\/8\/2022\/06\/1.jpg 640w, https:\/\/ee.mlfmonde.org\/aberdeen-total\/wp-content\/uploads\/sites\/8\/2022\/06\/1-300x225.jpg 300w, https:\/\/ee.mlfmonde.org\/aberdeen-total\/wp-content\/uploads\/sites\/8\/2022\/06\/1-570x428.jpg 570w\" sizes=\"(max-width: 640px) 100vw, 640px\" \/><\/a><br \/>\nDans un premier temps, tous les \u00e9l\u00e8ves assistaient \u00e0 une premi\u00e8re lecture de l\u2019album. Une phase orale suivait afin que les \u00e9l\u00e8ves expriment leur compr\u00e9hension de l\u2019histoire et discutent de l\u2019encha\u00eenement des \u00e9v\u00e8nements. Puis, les CE2 prenaient les r\u00eanes de la s\u00e9ance! L\u2019\u00e9tape de la dict\u00e9e \u00e0 l\u2019adulte, habituellement men\u00e9e par l\u2019enseignante s\u2019est mu\u00e9e en une dict\u00e9e aux CE2.<br \/>\nLes bin\u00f4mes GS\/CE2 se r\u00e9partissaient alors dans la classe et les GS leur racontaient l\u2019histoire avec leurs propres mots.<br \/>\n<a href=\"http:\/\/ee.mlfmonde.org\/aberdeen-total\/wp-content\/uploads\/sites\/8\/2022\/06\/2.jpg\"><img decoding=\"async\" class=\"aligncenter size-full wp-image-5772\" src=\"http:\/\/ee.mlfmonde.org\/aberdeen-total\/wp-content\/uploads\/sites\/8\/2022\/06\/2.jpg\" alt=\"\" width=\"640\" height=\"480\" srcset=\"https:\/\/ee.mlfmonde.org\/aberdeen-total\/wp-content\/uploads\/sites\/8\/2022\/06\/2.jpg 640w, https:\/\/ee.mlfmonde.org\/aberdeen-total\/wp-content\/uploads\/sites\/8\/2022\/06\/2-300x225.jpg 300w, https:\/\/ee.mlfmonde.org\/aberdeen-total\/wp-content\/uploads\/sites\/8\/2022\/06\/2-570x428.jpg 570w\" sizes=\"(max-width: 640px) 100vw, 640px\" \/><\/a><br \/>\nLa dict\u00e9e \u00e0 l&rsquo;adulte consiste \u00e0 construire oralement un texte, avec l\u2019aide de l\u2019enseignant, qui l\u2019\u00e9crit sous la dict\u00e9e. L\u2019objectif est d\u2019amener l\u2019\u00e9l\u00e8ve \u00e0 passer de l&rsquo;oral \u00e0 la production de phrases \u00ab \u00e9crivables \u00bb. On n\u2019\u00e9crit pas toujours comme on parle, mais on peut produire de l\u2019oral qui s\u2019\u00e9crit!<br \/>\n<a href=\"http:\/\/ee.mlfmonde.org\/aberdeen-total\/wp-content\/uploads\/sites\/8\/2022\/06\/IMG_2273.jpg\"><img decoding=\"async\" class=\"aligncenter size-full wp-image-5774\" src=\"http:\/\/ee.mlfmonde.org\/aberdeen-total\/wp-content\/uploads\/sites\/8\/2022\/06\/IMG_2273.jpg\" alt=\"\" width=\"640\" height=\"480\" srcset=\"https:\/\/ee.mlfmonde.org\/aberdeen-total\/wp-content\/uploads\/sites\/8\/2022\/06\/IMG_2273.jpg 640w, https:\/\/ee.mlfmonde.org\/aberdeen-total\/wp-content\/uploads\/sites\/8\/2022\/06\/IMG_2273-300x225.jpg 300w, https:\/\/ee.mlfmonde.org\/aberdeen-total\/wp-content\/uploads\/sites\/8\/2022\/06\/IMG_2273-570x428.jpg 570w\" sizes=\"(max-width: 640px) 100vw, 640px\" \/><\/a><br \/>\nL\u2019objectif ici \u00e9tait double.<\/p>\n<ul>\n<li>Pour les GS, c\u2019\u00e9tait une exp\u00e9rience langagi\u00e8re portant sur les liens entre l\u2019oral et l\u2019\u00e9crit, c&rsquo;\u00e9tait \u00e9galement une premi\u00e8re exp\u00e9rience de la production d\u2019\u00e9crits.<\/li>\n<li>Pour les CE2, il s\u2019agissait de se rendre compte que la qualit\u00e9 de la syntaxe est essentielle pour la compr\u00e9hension d\u2019un texte \u00e9crit. Les CE2 \u00e9coutaient les propositions des GS et se rendaient compte qu\u2019ils ne pouvaient pas accepter\/\u00e9crire n\u2019importe quelle phrase! Dans un second temps, les CE2 devaient puiser dans leurs connaissances et comp\u00e9tences d\u2019\u00e9tude de la langue pour corriger les productions des GS.<\/li>\n<\/ul>\n<div id='gallery-1' class='czr-gallery row flex-row czr-gallery-style gallery galleryid-5751 gallery-columns-4 gallery-size-medium'><figure class='gallery-item col col-auto'>\r\n                        <div class='gallery-icon landscape czr-gallery-icon'>\r\n                              <a href=https:\/\/ee.mlfmonde.org\/aberdeen-total\/travail-inter-cycle-gs-ce2\/img_2380\/ class=\"bg-link\"><\/a><img loading=\"lazy\" decoding=\"async\" width=\"300\" height=\"225\" src=\"https:\/\/ee.mlfmonde.org\/aberdeen-total\/wp-content\/uploads\/sites\/8\/2022\/06\/IMG_2380-300x225.jpg\" class=\"attachment-medium size-medium\" alt=\"\" sizes=\"(min-width: 1200px) 255px, (min-width: 992px) 210px, (min-width: 768px) 150px, (min-width: 576px) 105px, calc( 50vw - 30px )\" srcset=\"https:\/\/ee.mlfmonde.org\/aberdeen-total\/wp-content\/uploads\/sites\/8\/2022\/06\/IMG_2380-300x225.jpg 300w, https:\/\/ee.mlfmonde.org\/aberdeen-total\/wp-content\/uploads\/sites\/8\/2022\/06\/IMG_2380-570x428.jpg 570w, https:\/\/ee.mlfmonde.org\/aberdeen-total\/wp-content\/uploads\/sites\/8\/2022\/06\/IMG_2380.jpg 640w\" \/><div class=\"post-action btn btn-skin-dark-shaded inverted\"><a href=\"https:\/\/ee.mlfmonde.org\/aberdeen-total\/wp-content\/uploads\/sites\/8\/2022\/06\/IMG_2380.jpg\" class=\"icn-expand\" data-lb-type=\"grouped-gallery\"><\/a><\/div>\r\n                        <\/div><\/figure><figure class='gallery-item col col-auto'>\r\n                        <div class='gallery-icon landscape czr-gallery-icon'>\r\n                              <a href=https:\/\/ee.mlfmonde.org\/aberdeen-total\/travail-inter-cycle-gs-ce2\/img_2272\/ class=\"bg-link\"><\/a><img loading=\"lazy\" decoding=\"async\" width=\"300\" height=\"225\" src=\"https:\/\/ee.mlfmonde.org\/aberdeen-total\/wp-content\/uploads\/sites\/8\/2022\/06\/IMG_2272-300x225.jpg\" class=\"attachment-medium size-medium\" alt=\"\" sizes=\"(min-width: 1200px) 255px, (min-width: 992px) 210px, (min-width: 768px) 150px, (min-width: 576px) 105px, calc( 50vw - 30px )\" srcset=\"https:\/\/ee.mlfmonde.org\/aberdeen-total\/wp-content\/uploads\/sites\/8\/2022\/06\/IMG_2272-300x225.jpg 300w, https:\/\/ee.mlfmonde.org\/aberdeen-total\/wp-content\/uploads\/sites\/8\/2022\/06\/IMG_2272-570x428.jpg 570w, https:\/\/ee.mlfmonde.org\/aberdeen-total\/wp-content\/uploads\/sites\/8\/2022\/06\/IMG_2272.jpg 640w\" \/><div class=\"post-action btn btn-skin-dark-shaded inverted\"><a href=\"https:\/\/ee.mlfmonde.org\/aberdeen-total\/wp-content\/uploads\/sites\/8\/2022\/06\/IMG_2272.jpg\" class=\"icn-expand\" data-lb-type=\"grouped-gallery\"><\/a><\/div>\r\n                        <\/div><\/figure><figure class='gallery-item col col-auto'>\r\n                        <div class='gallery-icon landscape czr-gallery-icon'>\r\n                              <a href=https:\/\/ee.mlfmonde.org\/aberdeen-total\/travail-inter-cycle-gs-ce2\/img_2271\/ class=\"bg-link\"><\/a><img loading=\"lazy\" decoding=\"async\" width=\"300\" height=\"225\" src=\"https:\/\/ee.mlfmonde.org\/aberdeen-total\/wp-content\/uploads\/sites\/8\/2022\/06\/IMG_2271-300x225.jpg\" class=\"attachment-medium size-medium\" alt=\"\" sizes=\"(min-width: 1200px) 255px, (min-width: 992px) 210px, (min-width: 768px) 150px, (min-width: 576px) 105px, calc( 50vw - 30px )\" srcset=\"https:\/\/ee.mlfmonde.org\/aberdeen-total\/wp-content\/uploads\/sites\/8\/2022\/06\/IMG_2271-300x225.jpg 300w, https:\/\/ee.mlfmonde.org\/aberdeen-total\/wp-content\/uploads\/sites\/8\/2022\/06\/IMG_2271-570x428.jpg 570w, https:\/\/ee.mlfmonde.org\/aberdeen-total\/wp-content\/uploads\/sites\/8\/2022\/06\/IMG_2271.jpg 640w\" \/><div class=\"post-action btn btn-skin-dark-shaded inverted\"><a href=\"https:\/\/ee.mlfmonde.org\/aberdeen-total\/wp-content\/uploads\/sites\/8\/2022\/06\/IMG_2271.jpg\" class=\"icn-expand\" data-lb-type=\"grouped-gallery\"><\/a><\/div>\r\n                        <\/div><\/figure><figure class='gallery-item col col-auto'>\r\n                        <div class='gallery-icon landscape czr-gallery-icon'>\r\n                              <a href=https:\/\/ee.mlfmonde.org\/aberdeen-total\/travail-inter-cycle-gs-ce2\/img_2273-2\/ class=\"bg-link\"><\/a><img loading=\"lazy\" decoding=\"async\" width=\"300\" height=\"225\" src=\"https:\/\/ee.mlfmonde.org\/aberdeen-total\/wp-content\/uploads\/sites\/8\/2022\/06\/IMG_2273-1-300x225.jpg\" class=\"attachment-medium size-medium\" alt=\"\" sizes=\"(min-width: 1200px) 255px, (min-width: 992px) 210px, (min-width: 768px) 150px, (min-width: 576px) 105px, calc( 50vw - 30px )\" srcset=\"https:\/\/ee.mlfmonde.org\/aberdeen-total\/wp-content\/uploads\/sites\/8\/2022\/06\/IMG_2273-1-300x225.jpg 300w, https:\/\/ee.mlfmonde.org\/aberdeen-total\/wp-content\/uploads\/sites\/8\/2022\/06\/IMG_2273-1-570x428.jpg 570w, https:\/\/ee.mlfmonde.org\/aberdeen-total\/wp-content\/uploads\/sites\/8\/2022\/06\/IMG_2273-1.jpg 640w\" \/><div class=\"post-action btn btn-skin-dark-shaded inverted\"><a href=\"https:\/\/ee.mlfmonde.org\/aberdeen-total\/wp-content\/uploads\/sites\/8\/2022\/06\/IMG_2273-1.jpg\" class=\"icn-expand\" data-lb-type=\"grouped-gallery\"><\/a><\/div>\r\n                        <\/div><\/figure>\r\n                  <\/div>\n\n<p>Les bin\u00f4mes ont \u00e9t\u00e9 chaque fois diff\u00e9rents et les \u00e9l\u00e8ves se sont montr\u00e9s extr\u00eamement motiv\u00e9s!<br \/>\n<span style=\"color: #c7ccd2\"><br \/>\n<\/span><span style=\"color: #428de0\">_ _ _<\/span><\/p>\n","protected":false},"excerpt":{"rendered":"<p>Lors de cette ann\u00e9e scolaire, les CE2 se sont joints aux \u00e9l\u00e8ves de grande section chaque fois que nous avons travaill\u00e9 sur un album. Dans un premier temps, tous les \u00e9l\u00e8ves assistaient \u00e0 une premi\u00e8re lecture de l\u2019album. Une phase orale suivait afin que les \u00e9l\u00e8ves expriment leur compr\u00e9hension de l\u2019histoire et discutent de l\u2019encha\u00eenement [&hellip;]<\/p>\n","protected":false},"author":156,"featured_media":0,"comment_status":"closed","ping_status":"open","sticky":false,"template":"","format":"standard","meta":{"_acf_changed":false,"footnotes":""},"categories":[3],"tags":[],"class_list":{"0":"post-5751","1":"post","2":"type-post","3":"status-publish","4":"format-standard","6":"category-actualites","7":"czr-hentry"},"acf":[],"_links":{"self":[{"href":"https:\/\/ee.mlfmonde.org\/aberdeen-total\/wp-json\/wp\/v2\/posts\/5751","targetHints":{"allow":["GET"]}}],"collection":[{"href":"https:\/\/ee.mlfmonde.org\/aberdeen-total\/wp-json\/wp\/v2\/posts"}],"about":[{"href":"https:\/\/ee.mlfmonde.org\/aberdeen-total\/wp-json\/wp\/v2\/types\/post"}],"author":[{"embeddable":true,"href":"https:\/\/ee.mlfmonde.org\/aberdeen-total\/wp-json\/wp\/v2\/users\/156"}],"replies":[{"embeddable":true,"href":"https:\/\/ee.mlfmonde.org\/aberdeen-total\/wp-json\/wp\/v2\/comments?post=5751"}],"version-history":[{"count":3,"href":"https:\/\/ee.mlfmonde.org\/aberdeen-total\/wp-json\/wp\/v2\/posts\/5751\/revisions"}],"predecessor-version":[{"id":5779,"href":"https:\/\/ee.mlfmonde.org\/aberdeen-total\/wp-json\/wp\/v2\/posts\/5751\/revisions\/5779"}],"wp:attachment":[{"href":"https:\/\/ee.mlfmonde.org\/aberdeen-total\/wp-json\/wp\/v2\/media?parent=5751"}],"wp:term":[{"taxonomy":"category","embeddable":true,"href":"https:\/\/ee.mlfmonde.org\/aberdeen-total\/wp-json\/wp\/v2\/categories?post=5751"},{"taxonomy":"post_tag","embeddable":true,"href":"https:\/\/ee.mlfmonde.org\/aberdeen-total\/wp-json\/wp\/v2\/tags?post=5751"}],"curies":[{"name":"wp","href":"https:\/\/api.w.org\/{rel}","templated":true}]}}