{"id":5531,"date":"2021-11-24T15:50:57","date_gmt":"2021-11-24T15:50:57","guid":{"rendered":"http:\/\/ee.mlfmonde.org\/aberdeen-total\/?p=5531"},"modified":"2021-11-24T15:50:57","modified_gmt":"2021-11-24T15:50:57","slug":"echange-dexposes-ce2-6e-le-film","status":"publish","type":"post","link":"https:\/\/ee.mlfmonde.org\/aberdeen-total\/echange-dexposes-ce2-6e-le-film\/","title":{"rendered":"Echange d&rsquo;expos\u00e9s CE2 \/ 6e &#8211; Le film !"},"content":{"rendered":"<p id=\"viewer-foo\" class=\"mm8Nw _1j-51 _1atvN _1FoOD _3M0Fe _2WrB- _1atvN public-DraftStyleDefault-block-depth0 public-DraftStyleDefault-text-ltr\"><span class=\"_2PHJq public-DraftStyleDefault-ltr\">A l&rsquo;occasion de leurs cours d&rsquo;Histoire \/ Questionner le monde, les \u00e9l\u00e8ves de CE2 de Mme Hubert et les \u00e9l\u00e8ves de 6e de M. Cabioc&rsquo;h ont travaill\u00e9 dans leurs classes respectives sur le pal\u00e9olithique et le n\u00e9olithique. Apr\u00e8s avoir men\u00e9 leurs recherches, ils ont pr\u00e9par\u00e9 des pr\u00e9sentations et des productions qui ont \u00e9t\u00e9 pr\u00e9sent\u00e9es ce jour ! Ce fut l&rsquo;occasion d&rsquo;\u00e9changer sur les contenus, bien s\u00fbr, mais \u00e9galement sur les r\u00e9ussites de chacune et chacun, sur des points m\u00e9thodologiques et de passer un moment agr\u00e9able tous ensemble ! Les \u00e9l\u00e8ves de CE1, pr\u00e9sents durant les expos\u00e9s, ont aussi pu profiter de cet \u00e9change et ont m\u00eame particip\u00e9 au jeu cr\u00e9\u00e9 par Cl\u00e9ment et Hugo ! <\/span><\/p>\n<p id=\"viewer-fe653\" class=\"mm8Nw _1j-51 _1atvN _1FoOD _3M0Fe _2WrB- _1atvN public-DraftStyleDefault-block-depth0 public-DraftStyleDefault-text-ltr\"><span class=\"_2PHJq public-DraftStyleDefault-ltr\">D\u00e9couvrez le film ci-dessous : BRAVO \u00e0 tous !<\/span><\/p>\n<div style=\"width: 640px;\" class=\"wp-video\"><!--[if lt IE 9]><script>document.createElement('video');<\/script><![endif]-->\n<video class=\"wp-video-shortcode\" id=\"video-5531-1\" width=\"640\" height=\"360\" preload=\"metadata\" controls=\"controls\"><source type=\"video\/mp4\" src=\"https:\/\/video.wixstatic.com\/video\/89c6c7_67faf9fe869e4d15ba4b68977be26f03\/720p\/mp4\/file.mp4?_=1\" \/><a href=\"https:\/\/video.wixstatic.com\/video\/89c6c7_67faf9fe869e4d15ba4b68977be26f03\/720p\/mp4\/file.mp4\">https:\/\/video.wixstatic.com\/video\/89c6c7_67faf9fe869e4d15ba4b68977be26f03\/720p\/mp4\/file.mp4<\/a><\/video><\/div>\n<p>&nbsp;<\/p>\n<p>&nbsp;<\/p>\n<div><\/div>\n<div id=\"viewer-ftnj9\" class=\"mm8Nw _1j-51 _1atvN _1FoOD _3M0Fe _2WrB- _1atvN public-DraftStyleDefault-block-depth0 public-DraftStyleDefault-text-ltr\"><\/div>\n","protected":false},"excerpt":{"rendered":"<p>A l&rsquo;occasion de leurs cours d&rsquo;Histoire \/ Questionner le monde, les \u00e9l\u00e8ves de CE2 de Mme Hubert et les \u00e9l\u00e8ves de 6e de M. Cabioc&rsquo;h ont travaill\u00e9 dans leurs classes respectives sur le pal\u00e9olithique et le n\u00e9olithique. Apr\u00e8s avoir men\u00e9 leurs recherches, ils ont pr\u00e9par\u00e9 des pr\u00e9sentations et des productions qui ont \u00e9t\u00e9 pr\u00e9sent\u00e9es ce [&hellip;]<\/p>\n","protected":false},"author":156,"featured_media":5534,"comment_status":"closed","ping_status":"open","sticky":false,"template":"","format":"standard","meta":{"_acf_changed":false,"footnotes":""},"categories":[3],"tags":[],"class_list":{"0":"post-5531","1":"post","2":"type-post","3":"status-publish","4":"format-standard","5":"has-post-thumbnail","7":"category-actualites","8":"czr-hentry"},"acf":[],"_links":{"self":[{"href":"https:\/\/ee.mlfmonde.org\/aberdeen-total\/wp-json\/wp\/v2\/posts\/5531","targetHints":{"allow":["GET"]}}],"collection":[{"href":"https:\/\/ee.mlfmonde.org\/aberdeen-total\/wp-json\/wp\/v2\/posts"}],"about":[{"href":"https:\/\/ee.mlfmonde.org\/aberdeen-total\/wp-json\/wp\/v2\/types\/post"}],"author":[{"embeddable":true,"href":"https:\/\/ee.mlfmonde.org\/aberdeen-total\/wp-json\/wp\/v2\/users\/156"}],"replies":[{"embeddable":true,"href":"https:\/\/ee.mlfmonde.org\/aberdeen-total\/wp-json\/wp\/v2\/comments?post=5531"}],"version-history":[{"count":2,"href":"https:\/\/ee.mlfmonde.org\/aberdeen-total\/wp-json\/wp\/v2\/posts\/5531\/revisions"}],"predecessor-version":[{"id":5533,"href":"https:\/\/ee.mlfmonde.org\/aberdeen-total\/wp-json\/wp\/v2\/posts\/5531\/revisions\/5533"}],"wp:featuredmedia":[{"embeddable":true,"href":"https:\/\/ee.mlfmonde.org\/aberdeen-total\/wp-json\/wp\/v2\/media\/5534"}],"wp:attachment":[{"href":"https:\/\/ee.mlfmonde.org\/aberdeen-total\/wp-json\/wp\/v2\/media?parent=5531"}],"wp:term":[{"taxonomy":"category","embeddable":true,"href":"https:\/\/ee.mlfmonde.org\/aberdeen-total\/wp-json\/wp\/v2\/categories?post=5531"},{"taxonomy":"post_tag","embeddable":true,"href":"https:\/\/ee.mlfmonde.org\/aberdeen-total\/wp-json\/wp\/v2\/tags?post=5531"}],"curies":[{"name":"wp","href":"https:\/\/api.w.org\/{rel}","templated":true}]}}