{"id":5330,"date":"2021-06-04T13:34:09","date_gmt":"2021-06-04T12:34:09","guid":{"rendered":"http:\/\/ee.mlfmonde.org\/aberdeen-total\/?p=5330"},"modified":"2021-06-21T09:45:41","modified_gmt":"2021-06-21T08:45:41","slug":"dans-la-peau-de-cyrano-a-lecole-total-daberdeen-pied-de-nez-au-vicomte-de-valvert","status":"publish","type":"post","link":"https:\/\/ee.mlfmonde.org\/aberdeen-total\/dans-la-peau-de-cyrano-a-lecole-total-daberdeen-pied-de-nez-au-vicomte-de-valvert\/","title":{"rendered":"Dans la peau de Cyrano \u00e0 l&rsquo;\u00e9cole Total d&rsquo;Aberdeen&#8230; Pied de nez au vicomte de Valvert&#8230;"},"content":{"rendered":"<p style=\"background: white;text-align: left\" align=\"center\"><span lang=\"FR\" style=\"font-family: 'Arial',sans-serif;color: #222222\">Les \u00e9l\u00e8ves de la classe de CM1 CM2 se sont empar\u00e9s de la c\u00e9l\u00e8bre tirade du nez, extrait de l&rsquo;\u0153uvre d&rsquo;Edmond Rostand, pour se mettre dans la peau de Cyrano de Bergerac et d\u00e9clamer ce monologue \u00e0 leur mani\u00e8re.<\/span><\/p>\n<p style=\"line-height: 150%;background: white;text-align: left\"><span lang=\"FR\" style=\"font-family: 'Arial',sans-serif;color: #222222\">Ils ont le plaisir de vous proposer dans cette vid\u00e9o quelques passages enregistr\u00e9s au cours de leurs s\u00e9ances d&rsquo;entra\u00eenement en attendant de vous pr\u00e9senter une version plus all\u00e9chante de leur talent&#8230;<\/span><\/p>\n<p>&nbsp;<\/p>\n<div style=\"width: 1080px;\" class=\"wp-video\"><!--[if lt IE 9]><script>document.createElement('video');<\/script><![endif]-->\n<video class=\"wp-video-shortcode\" id=\"video-5330-1\" width=\"1080\" height=\"1080\" preload=\"metadata\" controls=\"controls\"><source type=\"video\/mp4\" src=\"http:\/\/ee.mlfmonde.org\/aberdeen-total\/wp-content\/uploads\/sites\/8\/2021\/06\/cyrano-essai-1.mp4?_=1\" \/><a href=\"http:\/\/ee.mlfmonde.org\/aberdeen-total\/wp-content\/uploads\/sites\/8\/2021\/06\/cyrano-essai-1.mp4\">http:\/\/ee.mlfmonde.org\/aberdeen-total\/wp-content\/uploads\/sites\/8\/2021\/06\/cyrano-essai-1.mp4<\/a><\/video><\/div>\n<p>&nbsp;<\/p>\n<p>Et maintenant, place au spectacle! Un grand bravo \u00e0 tous nos com\u00e9diens en herbe pour leur belle prestation&#8230;<\/p>\n<p>&nbsp;<\/p>\n<div style=\"width: 1140px;\" class=\"wp-video\"><video class=\"wp-video-shortcode\" id=\"video-5330-2\" width=\"1140\" height=\"641\" preload=\"metadata\" controls=\"controls\"><source type=\"video\/mp4\" src=\"http:\/\/ee.mlfmonde.org\/aberdeen-total\/wp-content\/uploads\/sites\/8\/2021\/06\/abigail-hugo.mp4?_=2\" \/><a href=\"http:\/\/ee.mlfmonde.org\/aberdeen-total\/wp-content\/uploads\/sites\/8\/2021\/06\/abigail-hugo.mp4\">http:\/\/ee.mlfmonde.org\/aberdeen-total\/wp-content\/uploads\/sites\/8\/2021\/06\/abigail-hugo.mp4<\/a><\/video><\/div>\n<div style=\"width: 1140px;\" class=\"wp-video\"><video class=\"wp-video-shortcode\" id=\"video-5330-3\" width=\"1140\" height=\"641\" preload=\"metadata\" controls=\"controls\"><source type=\"video\/mp4\" src=\"http:\/\/ee.mlfmonde.org\/aberdeen-total\/wp-content\/uploads\/sites\/8\/2021\/06\/emma-sirine-esteban.mp4?_=3\" \/><a href=\"http:\/\/ee.mlfmonde.org\/aberdeen-total\/wp-content\/uploads\/sites\/8\/2021\/06\/emma-sirine-esteban.mp4\">http:\/\/ee.mlfmonde.org\/aberdeen-total\/wp-content\/uploads\/sites\/8\/2021\/06\/emma-sirine-esteban.mp4<\/a><\/video><\/div>\n<div style=\"width: 1140px;\" class=\"wp-video\"><video class=\"wp-video-shortcode\" id=\"video-5330-4\" width=\"1140\" height=\"641\" preload=\"metadata\" controls=\"controls\"><source type=\"video\/mp4\" src=\"http:\/\/ee.mlfmonde.org\/aberdeen-total\/wp-content\/uploads\/sites\/8\/2021\/06\/mira-maelie.mp4?_=4\" \/><a href=\"http:\/\/ee.mlfmonde.org\/aberdeen-total\/wp-content\/uploads\/sites\/8\/2021\/06\/mira-maelie.mp4\">http:\/\/ee.mlfmonde.org\/aberdeen-total\/wp-content\/uploads\/sites\/8\/2021\/06\/mira-maelie.mp4<\/a><\/video><\/div>\n<div style=\"width: 1140px;\" class=\"wp-video\"><video class=\"wp-video-shortcode\" id=\"video-5330-5\" width=\"1140\" height=\"641\" preload=\"metadata\" controls=\"controls\"><source type=\"video\/mp4\" src=\"http:\/\/ee.mlfmonde.org\/aberdeen-total\/wp-content\/uploads\/sites\/8\/2021\/06\/louis-camille.mp4?_=5\" \/><a href=\"http:\/\/ee.mlfmonde.org\/aberdeen-total\/wp-content\/uploads\/sites\/8\/2021\/06\/louis-camille.mp4\">http:\/\/ee.mlfmonde.org\/aberdeen-total\/wp-content\/uploads\/sites\/8\/2021\/06\/louis-camille.mp4<\/a><\/video><\/div>\n<div style=\"width: 1140px;\" class=\"wp-video\"><video class=\"wp-video-shortcode\" id=\"video-5330-6\" width=\"1140\" height=\"641\" preload=\"metadata\" controls=\"controls\"><source type=\"video\/mp4\" src=\"http:\/\/ee.mlfmonde.org\/aberdeen-total\/wp-content\/uploads\/sites\/8\/2021\/06\/justine-philippine.mp4?_=6\" \/><a href=\"http:\/\/ee.mlfmonde.org\/aberdeen-total\/wp-content\/uploads\/sites\/8\/2021\/06\/justine-philippine.mp4\">http:\/\/ee.mlfmonde.org\/aberdeen-total\/wp-content\/uploads\/sites\/8\/2021\/06\/justine-philippine.mp4<\/a><\/video><\/div>\n","protected":false},"excerpt":{"rendered":"<p>Les \u00e9l\u00e8ves de la classe de CM1 CM2 se sont empar\u00e9s de la c\u00e9l\u00e8bre tirade du nez, extrait de l&rsquo;\u0153uvre d&rsquo;Edmond Rostand, pour se mettre dans la peau de Cyrano de Bergerac et d\u00e9clamer ce monologue \u00e0 leur mani\u00e8re. Ils ont le plaisir de vous proposer dans cette vid\u00e9o quelques passages enregistr\u00e9s au cours de [&hellip;]<\/p>\n","protected":false},"author":156,"featured_media":5332,"comment_status":"closed","ping_status":"open","sticky":false,"template":"","format":"standard","meta":{"_acf_changed":false,"footnotes":""},"categories":[3],"tags":[],"class_list":{"0":"post-5330","1":"post","2":"type-post","3":"status-publish","4":"format-standard","5":"has-post-thumbnail","7":"category-actualites","8":"czr-hentry"},"acf":[],"_links":{"self":[{"href":"https:\/\/ee.mlfmonde.org\/aberdeen-total\/wp-json\/wp\/v2\/posts\/5330","targetHints":{"allow":["GET"]}}],"collection":[{"href":"https:\/\/ee.mlfmonde.org\/aberdeen-total\/wp-json\/wp\/v2\/posts"}],"about":[{"href":"https:\/\/ee.mlfmonde.org\/aberdeen-total\/wp-json\/wp\/v2\/types\/post"}],"author":[{"embeddable":true,"href":"https:\/\/ee.mlfmonde.org\/aberdeen-total\/wp-json\/wp\/v2\/users\/156"}],"replies":[{"embeddable":true,"href":"https:\/\/ee.mlfmonde.org\/aberdeen-total\/wp-json\/wp\/v2\/comments?post=5330"}],"version-history":[{"count":3,"href":"https:\/\/ee.mlfmonde.org\/aberdeen-total\/wp-json\/wp\/v2\/posts\/5330\/revisions"}],"predecessor-version":[{"id":5405,"href":"https:\/\/ee.mlfmonde.org\/aberdeen-total\/wp-json\/wp\/v2\/posts\/5330\/revisions\/5405"}],"wp:featuredmedia":[{"embeddable":true,"href":"https:\/\/ee.mlfmonde.org\/aberdeen-total\/wp-json\/wp\/v2\/media\/5332"}],"wp:attachment":[{"href":"https:\/\/ee.mlfmonde.org\/aberdeen-total\/wp-json\/wp\/v2\/media?parent=5330"}],"wp:term":[{"taxonomy":"category","embeddable":true,"href":"https:\/\/ee.mlfmonde.org\/aberdeen-total\/wp-json\/wp\/v2\/categories?post=5330"},{"taxonomy":"post_tag","embeddable":true,"href":"https:\/\/ee.mlfmonde.org\/aberdeen-total\/wp-json\/wp\/v2\/tags?post=5330"}],"curies":[{"name":"wp","href":"https:\/\/api.w.org\/{rel}","templated":true}]}}