{"id":5255,"date":"2021-05-16T15:53:33","date_gmt":"2021-05-16T14:53:33","guid":{"rendered":"http:\/\/ee.mlfmonde.org\/aberdeen-total\/?p=5255"},"modified":"2021-05-16T15:53:44","modified_gmt":"2021-05-16T14:53:44","slug":"horloge-geante-projet-cnn-philharmonie","status":"publish","type":"post","link":"https:\/\/ee.mlfmonde.org\/aberdeen-total\/horloge-geante-projet-cnn-philharmonie\/","title":{"rendered":"Horloge g\u00e9ante ! Projet CNN Philharmonie."},"content":{"rendered":"<p><span style=\"color: #000000\">Apr\u00e8s de longues semaines de confinement, les \u00e9l\u00e8ves du coll\u00e8ge\u00a0 de l&rsquo;\u00e9cole Total d&rsquo;Aberdeen ont pu participer \u00e0 l&rsquo;\u00e9laboration de la premi\u00e8re consigne du projet CNN Philharmonie dont le th\u00e8me \u00e9tait la marche en musique.<\/span><\/p>\n<p><span style=\"color: #000000\">Le but de cette consigne \u00e9tait de r\u00e9aliser une petite vid\u00e9o o\u00f9 chaque groupe d&rsquo;\u00e9l\u00e8ves se d\u00e9place en mesure mais avec un tempo \u00e0 la noire, \u00e0 la croche ou \u00e0 la double croche.<\/span><\/p>\n<p><span style=\"color: #000000\">Le th\u00e8me visuel retenu \u00e9tait \u00ab\u00a0l&rsquo;Horloge G\u00e9ante\u00a0\u00bb.<\/span><\/p>\n<p><span style=\"color: #000000\">Bon visionnage \u00e0 tous !\u00a0<\/span><\/p>\n<p>&nbsp;<\/p>\n<div style=\"width: 1140px;\" class=\"wp-video\"><!--[if lt IE 9]><script>document.createElement('video');<\/script><![endif]-->\n<video class=\"wp-video-shortcode\" id=\"video-5255-1\" width=\"1140\" height=\"641\" preload=\"metadata\" controls=\"controls\"><source type=\"video\/mp4\" src=\"http:\/\/ee.mlfmonde.org\/aberdeen-total\/wp-content\/uploads\/sites\/8\/2021\/05\/consigne-1-phiharmonie-Ecole-total-Aberdeen.mp4?_=1\" \/><a href=\"http:\/\/ee.mlfmonde.org\/aberdeen-total\/wp-content\/uploads\/sites\/8\/2021\/05\/consigne-1-phiharmonie-Ecole-total-Aberdeen.mp4\">http:\/\/ee.mlfmonde.org\/aberdeen-total\/wp-content\/uploads\/sites\/8\/2021\/05\/consigne-1-phiharmonie-Ecole-total-Aberdeen.mp4<\/a><\/video><\/div>\n<p>&nbsp;<\/p>\n<p>&nbsp;<\/p>\n","protected":false},"excerpt":{"rendered":"<p>Apr\u00e8s de longues semaines de confinement, les \u00e9l\u00e8ves du coll\u00e8ge\u00a0 de l&rsquo;\u00e9cole Total d&rsquo;Aberdeen ont pu participer \u00e0 l&rsquo;\u00e9laboration de la premi\u00e8re consigne du projet CNN Philharmonie dont le th\u00e8me \u00e9tait la marche en musique. Le but de cette consigne \u00e9tait de r\u00e9aliser une petite vid\u00e9o o\u00f9 chaque groupe d&rsquo;\u00e9l\u00e8ves se d\u00e9place en mesure mais [&hellip;]<\/p>\n","protected":false},"author":156,"featured_media":5256,"comment_status":"closed","ping_status":"open","sticky":false,"template":"","format":"standard","meta":{"_acf_changed":false,"footnotes":""},"categories":[3],"tags":[],"class_list":{"0":"post-5255","1":"post","2":"type-post","3":"status-publish","4":"format-standard","5":"has-post-thumbnail","7":"category-actualites","8":"czr-hentry"},"acf":[],"_links":{"self":[{"href":"https:\/\/ee.mlfmonde.org\/aberdeen-total\/wp-json\/wp\/v2\/posts\/5255","targetHints":{"allow":["GET"]}}],"collection":[{"href":"https:\/\/ee.mlfmonde.org\/aberdeen-total\/wp-json\/wp\/v2\/posts"}],"about":[{"href":"https:\/\/ee.mlfmonde.org\/aberdeen-total\/wp-json\/wp\/v2\/types\/post"}],"author":[{"embeddable":true,"href":"https:\/\/ee.mlfmonde.org\/aberdeen-total\/wp-json\/wp\/v2\/users\/156"}],"replies":[{"embeddable":true,"href":"https:\/\/ee.mlfmonde.org\/aberdeen-total\/wp-json\/wp\/v2\/comments?post=5255"}],"version-history":[{"count":2,"href":"https:\/\/ee.mlfmonde.org\/aberdeen-total\/wp-json\/wp\/v2\/posts\/5255\/revisions"}],"predecessor-version":[{"id":5259,"href":"https:\/\/ee.mlfmonde.org\/aberdeen-total\/wp-json\/wp\/v2\/posts\/5255\/revisions\/5259"}],"wp:featuredmedia":[{"embeddable":true,"href":"https:\/\/ee.mlfmonde.org\/aberdeen-total\/wp-json\/wp\/v2\/media\/5256"}],"wp:attachment":[{"href":"https:\/\/ee.mlfmonde.org\/aberdeen-total\/wp-json\/wp\/v2\/media?parent=5255"}],"wp:term":[{"taxonomy":"category","embeddable":true,"href":"https:\/\/ee.mlfmonde.org\/aberdeen-total\/wp-json\/wp\/v2\/categories?post=5255"},{"taxonomy":"post_tag","embeddable":true,"href":"https:\/\/ee.mlfmonde.org\/aberdeen-total\/wp-json\/wp\/v2\/tags?post=5255"}],"curies":[{"name":"wp","href":"https:\/\/api.w.org\/{rel}","templated":true}]}}